{"id":81192,"date":"2025-06-03T15:41:12","date_gmt":"2025-06-03T15:41:12","guid":{"rendered":"https:\/\/www.lab.eus\/?p=81192"},"modified":"2025-06-03T15:41:15","modified_gmt":"2025-06-03T15:41:15","slug":"el-tema-de-la-colaboracion-publico-privada-esta-condicionando-totalmente-la-mesa-de-salud-de-la-cav","status":"publish","type":"post","link":"https:\/\/www.lab.eus\/es\/el-tema-de-la-colaboracion-publico-privada-esta-condicionando-totalmente-la-mesa-de-salud-de-la-cav\/","title":{"rendered":"El tema de la colaboraci\u00f3n p\u00fablico-privada est\u00e1 condicionando totalmente la Mesa de Salud de la CAV"},"content":{"rendered":"\n<p>Por mucho que el Consejero Alberto Mart\u00ednez quiere vender que hay consenso en la Mesa de Salud, cada vez es m\u00e1s evidente que hay dos modelos enfrentados sobre el tema m\u00e1s conflictivo: la relaci\u00f3n entre lo p\u00fablico y lo privado.<\/p>\n\n\n\n<p>Hoy se ha celebrado la 9\u00aa reuni\u00f3n de la Mesa de Salud, el Gobierno Vasco y el propio Consejero de Sanidad han querido eludir el tema que enfrenta dos modelos y atraviesa el Sistema P\u00fablico de Salud: la relaci\u00f3n entre lo p\u00fablico y lo privado.<\/p>\n\n\n\n<p>El consejero Alberto Mart\u00ednez ha se\u00f1alado que hay agentes que tienen miedo al resultado que se pueda sacar de la Mesa de Salud. Sin embargo, lo que no dice es que el partido pol\u00edtico que le ha llevado al gobierno, el PNV, y Confebask, son los que quieren cerrar la puerta al car\u00e1cter p\u00fablico y seguir impulsando pol\u00edticas de privatizaci\u00f3n que, tal y como han impuesto en los \u00faltimos 30 a\u00f1os, han llevado al declive de Osakidetza. Por ello, son ellos los que tienen miedo a las propuestas, decisiones y planteamientos que otros agentes hacemos en contra de la privatizaci\u00f3n.<\/p>\n\n\n\n<p>Esta situaci\u00f3n, adem\u00e1s de en el grupo de trabajo p\u00fablico-privado, se ha producido en el grupo de la cartera de servicios o en el de la atenci\u00f3n sociosanitaria. Lo que estamos reivindicado reiteradamente las plataformas populares de personas usuarias que se est\u00e1n movilizando en las calles de forma constante, las plataformas por la salud p\u00fablica, las y los trabajadores y el conjunto de la sociedad en general, es claro: que hay que tomar decisiones para transformar Osakidetza para hacer frente al declive que sufre el sistema sanitario p\u00fablico y para que las y los ciudadanos de la CAV tengamos el servicio p\u00fablico de salud que nos merecemos y necesitamos. El lehendakari tambi\u00e9n ha hablado de la necesidad de la transformaci\u00f3n, pero no habr\u00e1 transformaci\u00f3n si no se revierten las pol\u00edticas de privatizaci\u00f3n. Por ejemplo, estos son algunos de los objetivos que se han acordado en esos grupos de trabajo:<\/p>\n\n\n\n<p>\u2022 Priorizar la prestaci\u00f3n del servicio sanitario a trav\u00e9s de recursos p\u00fablicos y propios, reduciendo la dependencia del sector privado y situando a la ciudadan\u00eda en el centro.<\/p>\n\n\n\n<p>\u25e6 En primer lugar, se deben concretar las prestaciones que deber\u00e1 prestar directamente Osakidetza, as\u00ed como las que con car\u00e1cter ocasional y excepcional deban seguir prest\u00e1ndose a trav\u00e9s de la colaboraci\u00f3n p\u00fablico-privada, limit\u00e1ndose estas \u00faltimas a situaciones justificadas y temporales.<\/p>\n\n\n\n<p>\u25e6 En segundo lugar, limitar la externalizaci\u00f3n de nuevos servicios a situaciones excepcionales. Estas situaciones deber\u00e1n ser estudiadas y aprobadas por la Administraci\u00f3n, profesionales, colegios profesionales, representantes de las y los trabajadores y representantes de los y las usuarias. El objetivo es que, a medio plazo, sea Osakidetza quien preste los servicios estructurales de forma directa y no el sector privado, as\u00ed como en prestar servicios con oferta p\u00fablica equivalente en alguna de las OSIs de Osakidetza.<\/p>\n\n\n\n<p>\u2022 Reforzar la cartera de servicios de Osakidetza. Analizar las situaciones de externalizaci\u00f3n, concertaci\u00f3n, subcontrataci\u00f3n o las no incluidas, con un diagn\u00f3stico, elaborando un plan de publificaci\u00f3n con un cronograma de incorporaci\u00f3n progresiva.<\/p>\n\n\n\n<p>Desde LAB hemos se\u00f1alado en m\u00e1s de una ocasi\u00f3n que son dos modelos antag\u00f3nicos los que est\u00e1n enfrentados. Por un lado, el de los que queremos que, para transformar el sistema sanitario p\u00fablico, se preste el servicio con recursos p\u00fablicos y propios y reducir la intervenci\u00f3n del sector privado y llevar \u00e9sta a situaciones de excepci\u00f3n consensuadas; y, por otro lado, los que quieren seguir con la colaboraci\u00f3n p\u00fablico-privada e impulsarla; es decir, Confebask, PNV, universidades privadas y otros agentes que ver\u00edan peligrar su negocio.<\/p>\n\n\n\n<p>No olvidemos que el declive que han provocado las pol\u00edticas aplicadas en los \u00faltimos a\u00f1os en el sistema sanitario p\u00fablico y las preocupaciones y reproches de la ciudadan\u00eda llevaron hace un a\u00f1o al actual Gobierno, reci\u00e9n nombrado Pradales, a tener que activar la Mesa de Salud. Aunque nos quieran vender el consenso, lo que tenemos en la mesa es un choque de modelos.<\/p>\n","protected":false},"excerpt":{"rendered":"<p>Por mucho que el Consejero Alberto Mart\u00ednez quiere vender que hay consenso en la Mesa de Salud, cada vez es m\u00e1s evidente que hay dos modelos enfrentados sobre el tema m\u00e1s conflictivo: la relaci\u00f3n entre lo p\u00fablico y lo privado.<\/p>\n","protected":false},"author":1191,"featured_media":81190,"comment_status":"closed","ping_status":"closed","sticky":false,"template":"","format":"standard","meta":{"_monsterinsights_skip_tracking":false,"_monsterinsights_sitenote_active":false,"_monsterinsights_sitenote_note":"","_monsterinsights_sitenote_category":0,"footnotes":"","_links_to":"","_links_to_target":""},"categories":[18,2867,3097,6],"tags":[3033,3178,3066,4986,3195,3100,3171],"class_list":{"0":"post-81192","1":"post","2":"type-post","3":"status-publish","4":"format-standard","5":"has-post-thumbnail","7":"category-es-accion-sindical","8":"category-federaciones","9":"category-sanidad","10":"category-es-servicios-publicos","11":"tag-accion-sindical-es","12":"tag-destacado-1","13":"tag-federaciones-es","14":"tag-mesa-de-salud","15":"tag-osakidetza-es","16":"tag-sanidad-es","17":"tag-servicios-publicos-es"},"_links":{"self":[{"href":"https:\/\/www.lab.eus\/es\/wp-json\/wp\/v2\/posts\/81192","targetHints":{"allow":["GET"]}}],"collection":[{"href":"https:\/\/www.lab.eus\/es\/wp-json\/wp\/v2\/posts"}],"about":[{"href":"https:\/\/www.lab.eus\/es\/wp-json\/wp\/v2\/types\/post"}],"author":[{"embeddable":true,"href":"https:\/\/www.lab.eus\/es\/wp-json\/wp\/v2\/users\/1191"}],"replies":[{"embeddable":true,"href":"https:\/\/www.lab.eus\/es\/wp-json\/wp\/v2\/comments?post=81192"}],"version-history":[{"count":1,"href":"https:\/\/www.lab.eus\/es\/wp-json\/wp\/v2\/posts\/81192\/revisions"}],"predecessor-version":[{"id":81193,"href":"https:\/\/www.lab.eus\/es\/wp-json\/wp\/v2\/posts\/81192\/revisions\/81193"}],"wp:featuredmedia":[{"embeddable":true,"href":"https:\/\/www.lab.eus\/es\/wp-json\/wp\/v2\/media\/81190"}],"wp:attachment":[{"href":"https:\/\/www.lab.eus\/es\/wp-json\/wp\/v2\/media?parent=81192"}],"wp:term":[{"taxonomy":"category","embeddable":true,"href":"https:\/\/www.lab.eus\/es\/wp-json\/wp\/v2\/categories?post=81192"},{"taxonomy":"post_tag","embeddable":true,"href":"https:\/\/www.lab.eus\/es\/wp-json\/wp\/v2\/tags?post=81192"}],"curies":[{"name":"wp","href":"https:\/\/api.w.org\/{rel}","templated":true}]}}