{"id":81149,"date":"2025-06-02T14:06:56","date_gmt":"2025-06-02T14:06:56","guid":{"rendered":"https:\/\/www.lab.eus\/?p=81149"},"modified":"2025-06-02T14:06:59","modified_gmt":"2025-06-02T14:06:59","slug":"movilizaciones-de-emakumeen-mundu-martxa-porque-un-hombre-ha-matado-a-una-menor-en-bilbo","status":"publish","type":"post","link":"https:\/\/www.lab.eus\/es\/movilizaciones-de-emakumeen-mundu-martxa-porque-un-hombre-ha-matado-a-una-menor-en-bilbo\/","title":{"rendered":"Movilizaciones de Emakumeen* Mundu Martxa porque un hombre ha matado a una menor en Bilbo"},"content":{"rendered":"\n<p>La de Bilbo fue el 30 de mayo y la de Donostia el d\u00eda 31. Hoy, 2 de junio, se llevar\u00e1n a cabo la de Gasteiz (a las 19:00, en la plaza de la Virgen Blanca) y la de Iru\u00f1ea (a las 20:00, en la plaza del Ayuntamiento).<\/p>\n\n\n\n<p><strong>Lectura de Euskal Herriko Emakumeon* Mundu Martxa<\/strong><\/p>\n\n\n\n<p>Una vez m\u00e1s, la cuarta en lo que va de a\u00f1o, tenemos que activar el protocolo contra los asesinatos machistas de la Marcha Mundial de las Mujeres*. Y es que hoy, 30 de mayo, una mujer y su hija han sido v\u00edctimas de violencia machista: el padre ha asesinado a su hija y ha agredido a su pareja antes de suicidarse en Bilbo.<\/p>\n\n\n\n<p>En primer lugar, desde el Movimiento Feminista de Euskal Herria queremos mostrar todo nuestro apoyo y solidaridad a familiares, amigas y allegadas. No est\u00e1is solas.<\/p>\n\n\n\n<p>Estamos hartas, cansadas y enfadadas, pero dispuestas a responder y denunciar todos los asesinatos machistas que se produzcan en cualquier rinc\u00f3n de Euskal Herria.<\/p>\n\n\n\n<p>Estamos organizadas y seguiremos exigiendo tanto a las las instituciones, que son quien deben asumir su responsabilidad para hacer frente a las violencias machistas, como a todo aquel que sea c\u00f3mplice de la violencia machista, especialmente a los hombres, que tomen responsabilidades ante ello.<\/p>\n\n\n\n<p>No es un asesinato aislado, no es una tragedia puntual, es una violencia que un sistema entero permite. En este caso estamos hablando del asesinato de una menor de edad, lo cual lo hace especialmente grave, y por supuesto, no tenemos ningunda duda: la violencia vicaria es tambi\u00e9n violencia machista.<\/p>\n\n\n\n<p>Este es un hecho m\u00e1s que pone de manifiesto la estructura patriarcal de la sociedad. Somos conscientes de que los asesinatos machistas son la consecuencia m\u00e1s terrible de la violencia machista y de la estructura heteropatriarcal. La violencia machista es estructural; se traslada a todos los \u00e1mbitos de la vida. No pertenece al \u00e1mbito personal o privado, ni es un asunto entre dos personas o la acci\u00f3n de algunos \u00abenfermos\u00bb. El sistema patriarcal es una de las formas de mantener sumisas a las mujeres* y a las personas disidentes de g\u00e9nero.<\/p>\n\n\n\n<p>A las mujeres* nos asesinan por ser mujeres* y para afrontar esta cruda realidadnecesitamos mecanismos de urgencia aqu\u00ed y ahora. La pasividad y complicidad social de las instituciones actuales hace que, a\u00f1o tras a\u00f1o, las agresiones a las mujeres* no cesen. Para hacer frente a la violencia machista pedimos que sea considerada como un problema social y pol\u00edtico de primer orden.<\/p>\n\n\n\n<p>Denunciamos las actuales actitudes c\u00f3mplices y exigimos que se adopten medidas reales para hacer frente a la organizaci\u00f3n social sexista en la que vivimos. \u00a1Est\u00e1n en juego nuestras vidas! Junto a esto hacemos un llamamiento a la autodefensa feminista.<\/p>\n\n\n\n<p>Apostamos radicalmente por la vida y sabemos que la organizaci\u00f3n y la autodefensa ser\u00e1n nuestras herramientas. \u00a1Nosotras no callaremos, ninguna agresi\u00f3n sin respuesta! \u00a1Las feministas vamos a responder! \u00a1La verg\u00fcenza y el miedo empiezan a cambiar de bando y seguiremos organiz\u00e1ndonos hasta que todas seamos libres! Por \u00faltimo, hacemos un llamamiento para participar en las concentraciones que tendr\u00e1n lugar en diferentes pueblos y capitales de Euskal Herria. Atenci\u00f3n a las movilizaciones.<\/p>\n\n\n\n<p>\u00a1Ning\u00fan asesinato machista m\u00e1s! \u00a1Seguiremos en marcha hasta que todas seamos libres!<\/p>\n","protected":false},"excerpt":{"rendered":"<p>La de Bilbo fue el 30 de mayo y la de Donostia el d\u00eda 31. Hoy, 2 de junio, se llevar\u00e1n a cabo la de Gasteiz (a las 19:00, en la plaza de la Virgen Blanca) y la de Iru\u00f1ea (a las 20:00, en la plaza del Ayuntamiento).<\/p>\n","protected":false},"author":1191,"featured_media":81147,"comment_status":"closed","ping_status":"closed","sticky":false,"template":"","format":"standard","meta":{"_monsterinsights_skip_tracking":false,"_monsterinsights_sitenote_active":false,"_monsterinsights_sitenote_note":"","_monsterinsights_sitenote_category":0,"footnotes":"","_links_to":"","_links_to_target":""},"categories":[3281,2973],"tags":[3178,1949,3519,3518,3024],"class_list":{"0":"post-81149","1":"post","2":"type-post","3":"status-publish","4":"format-standard","5":"has-post-thumbnail","7":"category-secretaria-feminista","8":"category-secretarias","9":"tag-destacado-1","10":"tag-emakumeen-mundu-martxa-2","11":"tag-marcha-mundial-de-las-mujeres","12":"tag-secretaria-feminista","13":"tag-secretarias"},"_links":{"self":[{"href":"https:\/\/www.lab.eus\/es\/wp-json\/wp\/v2\/posts\/81149","targetHints":{"allow":["GET"]}}],"collection":[{"href":"https:\/\/www.lab.eus\/es\/wp-json\/wp\/v2\/posts"}],"about":[{"href":"https:\/\/www.lab.eus\/es\/wp-json\/wp\/v2\/types\/post"}],"author":[{"embeddable":true,"href":"https:\/\/www.lab.eus\/es\/wp-json\/wp\/v2\/users\/1191"}],"replies":[{"embeddable":true,"href":"https:\/\/www.lab.eus\/es\/wp-json\/wp\/v2\/comments?post=81149"}],"version-history":[{"count":1,"href":"https:\/\/www.lab.eus\/es\/wp-json\/wp\/v2\/posts\/81149\/revisions"}],"predecessor-version":[{"id":81150,"href":"https:\/\/www.lab.eus\/es\/wp-json\/wp\/v2\/posts\/81149\/revisions\/81150"}],"wp:featuredmedia":[{"embeddable":true,"href":"https:\/\/www.lab.eus\/es\/wp-json\/wp\/v2\/media\/81147"}],"wp:attachment":[{"href":"https:\/\/www.lab.eus\/es\/wp-json\/wp\/v2\/media?parent=81149"}],"wp:term":[{"taxonomy":"category","embeddable":true,"href":"https:\/\/www.lab.eus\/es\/wp-json\/wp\/v2\/categories?post=81149"},{"taxonomy":"post_tag","embeddable":true,"href":"https:\/\/www.lab.eus\/es\/wp-json\/wp\/v2\/tags?post=81149"}],"curies":[{"name":"wp","href":"https:\/\/api.w.org\/{rel}","templated":true}]}}