{"id":81133,"date":"2025-05-31T20:19:00","date_gmt":"2025-05-31T20:19:00","guid":{"rendered":"https:\/\/www.lab.eus\/?p=81133"},"modified":"2025-06-02T08:22:13","modified_gmt":"2025-06-02T08:22:13","slug":"lab-se-manifiesta-para-que-el-sector-de-la-intervencion-social-de-nafarroa-tenga-su-segundo-convenio-colectivo","status":"publish","type":"post","link":"https:\/\/www.lab.eus\/es\/lab-se-manifiesta-para-que-el-sector-de-la-intervencion-social-de-nafarroa-tenga-su-segundo-convenio-colectivo\/","title":{"rendered":"LAB se manifiesta para que el sector de la Intervenci\u00f3n Social de Nafarroa tenga su segundo convenio colectivo"},"content":{"rendered":"\n<p>Despu\u00e9s de lograr un preacuerdo a principios de a\u00f1o para el segundo convenio del sector de la Acci\u00f3n e intervenci\u00f3n social de Nafarroa, LAB ha organizado una manifestaci\u00f3n en Iru\u00f1ea para pedir que las instituciones implicadas y la patronal hagan un esfuerzo para que lo preacordado sea ya realidad.<\/p>\n\n\n\n<p>LAB denuncia que actualmente el Gobierno de Nafarroa y la patronal no quieren aceptar lo preacordado a principios de a\u00f1o, ya que unos no dan todas las facilidades para que la patronal se atreva a firmar y los otros no quieren poner todo de su parte para que el convenio sea una realidad.<\/p>\n\n\n\n<p>Desde LAB lo tenemos claro, la \u00fanica manera para que el convenio se aplique y el Gobierno de Nafarroa no tenga otra que actualizar los m\u00f3dulos de los conciertos es firmar el convenio colectivo, esa es la \u00fanica obligaci\u00f3n legal que hay para que las condiciones laborales de todas las trabajadoras mejoren, y por ello vamos a presionar a quien haga falta. El resto, bajo nuestro punto de vista son excusas.<\/p>\n\n\n\n<p>Se\u00f1alamos a PSN, Geroa Bai y a Contigo Zurekin, los partidos pol\u00edticos que componen el Gobierno de Nafarroa de no querer mover ficha para la mejora del sector, ya que lo ven como un sector que no tiene retorno financiero. El cuidado no es un negocio y nosotras bien lo sabemos.<\/p>\n\n\n\n<p>Adem\u00e1s queremos dejar clara la postura de LAB, ya que, entendemos que estamos en un circulo vicioso de reproches de responsabilidades entre Gobierno de Nafarroa y patronal, que hacen que esto siga bloqueado y las trabajadoras estamos en medio de un juego econ\u00f3mico de ambas partes.<\/p>\n\n\n\n<p>LAB lo tiene claro, la movilizaci\u00f3n es la clave para romper ese circulo vicioso por el lado que sea, ya sea presionando a la patronal como presionando al Gobierno y que las trabajadoras tengan lo que se ha preacordado. De no haber convenio firmado antes de verano, nos veremos obligadas a aumentar el nivel de presi\u00f3n a ambas partes.<\/p>\n\n\n\n<p>Las trabajadoras est\u00e1n hartas de que las entidades no las cuiden y de que el Gobierno mire a otro lado, por ello, queremos que se deje de especular, y que el trabajo de cuidado sea asumido directamente por las instituciones.<\/p>\n","protected":false},"excerpt":{"rendered":"<p>Despu\u00e9s de lograr un preacuerdo a principios de a\u00f1o para el segundo convenio del sector de la Acci\u00f3n e intervenci\u00f3n social de Nafarroa, LAB ha organizado una manifestaci\u00f3n en Iru\u00f1ea para pedir que las instituciones implicadas y la patronal hagan un esfuerzo para que lo preacordado sea ya realidad.<\/p>\n","protected":false},"author":1191,"featured_media":81131,"comment_status":"closed","ping_status":"closed","sticky":false,"template":"","format":"standard","meta":{"_monsterinsights_skip_tracking":false,"_monsterinsights_sitenote_active":false,"_monsterinsights_sitenote_note":"","_monsterinsights_sitenote_category":0,"footnotes":"","_links_to":"","_links_to_target":""},"categories":[18,2867,3000,6],"tags":[3033,3178,3066,3220,3512,3171,3272],"class_list":{"0":"post-81133","1":"post","2":"type-post","3":"status-publish","4":"format-standard","5":"has-post-thumbnail","7":"category-es-accion-sindical","8":"category-federaciones","9":"category-servicio-sociocomunitario","10":"category-es-servicios-publicos","11":"tag-accion-sindical-es","12":"tag-destacado-1","13":"tag-federaciones-es","14":"tag-intervencion-social","15":"tag-intervencion-social-de-nafarroa","16":"tag-servicios-publicos-es","17":"tag-sociocomunitario-es"},"_links":{"self":[{"href":"https:\/\/www.lab.eus\/es\/wp-json\/wp\/v2\/posts\/81133","targetHints":{"allow":["GET"]}}],"collection":[{"href":"https:\/\/www.lab.eus\/es\/wp-json\/wp\/v2\/posts"}],"about":[{"href":"https:\/\/www.lab.eus\/es\/wp-json\/wp\/v2\/types\/post"}],"author":[{"embeddable":true,"href":"https:\/\/www.lab.eus\/es\/wp-json\/wp\/v2\/users\/1191"}],"replies":[{"embeddable":true,"href":"https:\/\/www.lab.eus\/es\/wp-json\/wp\/v2\/comments?post=81133"}],"version-history":[{"count":1,"href":"https:\/\/www.lab.eus\/es\/wp-json\/wp\/v2\/posts\/81133\/revisions"}],"predecessor-version":[{"id":81134,"href":"https:\/\/www.lab.eus\/es\/wp-json\/wp\/v2\/posts\/81133\/revisions\/81134"}],"wp:featuredmedia":[{"embeddable":true,"href":"https:\/\/www.lab.eus\/es\/wp-json\/wp\/v2\/media\/81131"}],"wp:attachment":[{"href":"https:\/\/www.lab.eus\/es\/wp-json\/wp\/v2\/media?parent=81133"}],"wp:term":[{"taxonomy":"category","embeddable":true,"href":"https:\/\/www.lab.eus\/es\/wp-json\/wp\/v2\/categories?post=81133"},{"taxonomy":"post_tag","embeddable":true,"href":"https:\/\/www.lab.eus\/es\/wp-json\/wp\/v2\/tags?post=81133"}],"curies":[{"name":"wp","href":"https:\/\/api.w.org\/{rel}","templated":true}]}}