{"id":81063,"date":"2025-05-29T13:40:03","date_gmt":"2025-05-29T13:40:03","guid":{"rendered":"https:\/\/www.lab.eus\/?p=81063"},"modified":"2025-05-29T13:40:06","modified_gmt":"2025-05-29T13:40:06","slug":"lab-convoca-paros-en-las-residencias-de-adultos-de-gipuzkoa-ante-el-bloqueo-patronal","status":"publish","type":"post","link":"https:\/\/www.lab.eus\/es\/lab-convoca-paros-en-las-residencias-de-adultos-de-gipuzkoa-ante-el-bloqueo-patronal\/","title":{"rendered":"LAB convoca paros en las residencias de adultos de Gipuzkoa ante el bloqueo patronal"},"content":{"rendered":"\n<p>Las patronales del sector hacen o\u00eddos sordos a las reivindicaciones de las y los trabajadores. Ante ello, LAB ha convocado paros en las residencias de adultos de Gipuzkoa para luchar por la equiparaci\u00f3n y un ratio digno.<\/p>\n\n\n\n<p>Este a\u00f1o se ha retomado la negociaci\u00f3n del convenio de residencias de personas mayores de Gipuzkoa. El sindicato LAB ha llevado la equiparaci\u00f3n de las condiciones laborales a la mesa negociadora del convenio, donde reivindicamos las mismas condiciones laborales que las y los trabajadores de la administraci\u00f3n p\u00fablica. Las patronales no han respondido a las reivindicaciones y LAB quiere denunciar el bloqueo de la mesa. Y es que las patronales no han hecho ninguna propuesta para mejorar la situaci\u00f3n de las y los trabajadores y para LAB esto no es aceptable, porque mantener la situaci\u00f3n tal y como est\u00e1 no puede ser una opci\u00f3n.<\/p>\n\n\n\n<p>Es hora de revertir la situaci\u00f3n. Para ello, LAB exige a las patronales del sector y a la Diputaci\u00f3n de Gipuzkoa que tenga en cuenta las reivindicaciones de las y los trabajadores, y que se comprometa a dar pasos hacia la equiparaci\u00f3n de las condiciones laborales. LAB tiene claro que, en el camino hacia un sistema p\u00fablico de cuidados, los trabajos de cuidado deben ser un servicio p\u00fablico. Por ello, las trabajadoras de cuidados privatizados deben ser empleadas p\u00fablicas, trabajadoras directas de la administraci\u00f3n p\u00fablica, donde hay que erradicar la privatizaci\u00f3n. Mientras tanto, LAB lucha y luchar\u00e1 por equiparar las condiciones laborales de estas trabajadoras y trabajadores a las de la administraci\u00f3n p\u00fablica, que por igual trabajo deber\u00edan tener las mismas condiciones de trabajo. As\u00ed lo defender\u00e1 el sindicato en la movilizaci\u00f3n nacional que celebrar\u00e1 el pr\u00f3ximo 11 de junio en Donostia, a la que tambi\u00e9n ha llamado a participar a las y los trabajadores de las residencias de adultos de Gipuzkoa.<\/p>\n\n\n\n<p>Por esa misma raz\u00f3n, en la mesa negociadora LAB ha propuesto la equiparaci\u00f3n salarial con los empleados p\u00fablicos y esa est\u00e1 siendo su principal reivindicaci\u00f3n y objetivo en estos \u00faltimos a\u00f1os. Adem\u00e1s, LAB reivindica que hay que bajar los ratios y ha interpelado reiteradamente a la Diputaci\u00f3n de Gipuzkoa para que modifique los ratios, a lo que la Diputaci\u00f3n tambi\u00e9n est\u00e1 haciendo o\u00eddos sordos.<\/p>\n\n\n\n<p>Ante la postura cerrada de la patronal y la diputaci\u00f3n, LAB tiene claro que es el momento de dar un paso m\u00e1s en la din\u00e1mica de movilizaciones que ha desarrollado hasta ahora. LAB buscar\u00e1 la confluencia entre las y los trabajadores y les anima a movilizarse en sus centros de trabajo.<\/p>\n\n\n\n<p>animamos a los trabajadores a movilizarse en sus centros de trabajo. Estos paros ser\u00e1n fundamentales para movilizar a las patronales y a la diputaci\u00f3n antes del verano.<\/p>\n\n\n\n<p>El calendario de movilizaciones ser\u00e1 el siguiente:<\/p>\n\n\n\n<ul class=\"wp-block-list\">\n<li>11 de junio: paro de 9:30 a 13:30 horas. A las 11:00 movilizaci\u00f3n nacional desde el Ayuntamiento de Donostia.<\/li>\n\n\n\n<li>9 y 10 de julio: paros de 7:30 a 8:30 y de 13:30 a 14:30. Concentraciones en los centros de trabajo en estas franjas horarias.<\/li>\n\n\n\n<li>11 de julio: paro de 9:00 a 13:00 horas. Movilizaci\u00f3n en Donostia frente a la patronal.<\/li>\n<\/ul>\n","protected":false},"excerpt":{"rendered":"<p>Las patronales del sector hacen o\u00eddos sordos a las reivindicaciones de las y los trabajadores. Ante ello, LAB ha convocado paros en las residencias de adultos de Gipuzkoa para luchar por la equiparaci\u00f3n y un ratio digno.<\/p>\n","protected":false},"author":1191,"featured_media":18842,"comment_status":"closed","ping_status":"closed","sticky":false,"template":"","format":"standard","meta":{"_monsterinsights_skip_tracking":false,"_monsterinsights_sitenote_active":false,"_monsterinsights_sitenote_note":"","_monsterinsights_sitenote_category":0,"footnotes":"","_links_to":"","_links_to_target":""},"categories":[18,2867,3000,6],"tags":[3033,3178,3066,3171],"class_list":{"0":"post-81063","1":"post","2":"type-post","3":"status-publish","4":"format-standard","5":"has-post-thumbnail","7":"category-es-accion-sindical","8":"category-federaciones","9":"category-servicio-sociocomunitario","10":"category-es-servicios-publicos","11":"tag-accion-sindical-es","12":"tag-destacado-1","13":"tag-federaciones-es","14":"tag-servicios-publicos-es"},"_links":{"self":[{"href":"https:\/\/www.lab.eus\/es\/wp-json\/wp\/v2\/posts\/81063","targetHints":{"allow":["GET"]}}],"collection":[{"href":"https:\/\/www.lab.eus\/es\/wp-json\/wp\/v2\/posts"}],"about":[{"href":"https:\/\/www.lab.eus\/es\/wp-json\/wp\/v2\/types\/post"}],"author":[{"embeddable":true,"href":"https:\/\/www.lab.eus\/es\/wp-json\/wp\/v2\/users\/1191"}],"replies":[{"embeddable":true,"href":"https:\/\/www.lab.eus\/es\/wp-json\/wp\/v2\/comments?post=81063"}],"version-history":[{"count":1,"href":"https:\/\/www.lab.eus\/es\/wp-json\/wp\/v2\/posts\/81063\/revisions"}],"predecessor-version":[{"id":81064,"href":"https:\/\/www.lab.eus\/es\/wp-json\/wp\/v2\/posts\/81063\/revisions\/81064"}],"wp:featuredmedia":[{"embeddable":true,"href":"https:\/\/www.lab.eus\/es\/wp-json\/wp\/v2\/media\/18842"}],"wp:attachment":[{"href":"https:\/\/www.lab.eus\/es\/wp-json\/wp\/v2\/media?parent=81063"}],"wp:term":[{"taxonomy":"category","embeddable":true,"href":"https:\/\/www.lab.eus\/es\/wp-json\/wp\/v2\/categories?post=81063"},{"taxonomy":"post_tag","embeddable":true,"href":"https:\/\/www.lab.eus\/es\/wp-json\/wp\/v2\/tags?post=81063"}],"curies":[{"name":"wp","href":"https:\/\/api.w.org\/{rel}","templated":true}]}}