{"id":81046,"date":"2025-05-29T12:32:27","date_gmt":"2025-05-29T12:32:27","guid":{"rendered":"https:\/\/www.lab.eus\/?p=81046"},"modified":"2025-05-29T12:35:35","modified_gmt":"2025-05-29T12:35:35","slug":"4-trabajadores-han-fallecido-en-el-plazo-de-pocos-dias-confirmando-la-grave-tendencia-de-las-muertes-laborales","status":"publish","type":"post","link":"https:\/\/www.lab.eus\/es\/4-trabajadores-han-fallecido-en-el-plazo-de-pocos-dias-confirmando-la-grave-tendencia-de-las-muertes-laborales\/","title":{"rendered":"4 trabajadores han fallecido en el plazo de pocos d\u00edas, confirmando la grave tendencia de las muertes laborales"},"content":{"rendered":"\n<p>Esta ma\u00f1ana ha fallecido un trabajador de la construcci\u00f3n al caer desde el tejado de una casa en Bilbo. Antes que nada, el sindicato LAB quiere mostrar toda su solidaridad y apoyo a la familia, amistades y compa\u00f1eros y compa\u00f1eras del trabajador fallecido. No ha terminado la semana y 4 trabajadores han fallecido en accidentes traum\u00e1ticos en Euskal Herria. Dos, por ca\u00eddas de piezas y otros dos, por ca\u00eddas en de altura.<\/p>\n\n\n\n<p>Estos accidentes pod\u00edan haberse evitado con sencillas medidas de prevenci\u00f3n. Estas muertes son, por tanto, una se\u00f1al de que el incumplimiento de las medidas preventivas est\u00e1 totalmente generalizado. A esta patronal no se le puede dejar gozar de impunidad ni un solo minuto m\u00e1s. Nos est\u00e1n matando.<\/p>\n\n\n\n<p>El sindicato LAB hace un llamamiento al Lehendakari de CAV Pradales y a la Presidenta del Gobierno de Nafarroa, Chivite, para que convoquen Consejos de Gobierno de urgencia que exijan responsabilidad a las patronales CEN y CONFEBASK e impliquen medidas urgentes.<\/p>\n\n\n\n<p>Hay que poner en marcha una gigantesca campa\u00f1a de inspecci\u00f3n sin precedentes para acabar con la impunidad de esta patronal que nos est\u00e1 matando.<\/p>\n\n\n\n<p>Ma\u00f1ana en Bilbo, en la concentraci\u00f3n de la intersindical para denunciar la muerte del trabajador fallecido en las obras del TAV el lunes, denunciaremos tambi\u00e9n esta nueva muerte, y hacemos un llamamiento a participar en la misma.<\/p>\n","protected":false},"excerpt":{"rendered":"<p>Esta ma\u00f1ana ha fallecido un trabajador de la construcci\u00f3n al caer desde el tejado de una casa en Bilbo. Antes que nada, el sindicato LAB quiere mostrar toda su solidaridad y apoyo a la familia, amistades y compa\u00f1eros y compa\u00f1eras del trabajador fallecido. No ha terminado la semana y 4 trabajadores han fallecido en accidentes traum\u00e1ticos en Euskal Herria. Dos, por ca\u00eddas de piezas y otros dos, por ca\u00eddas en de altura.<\/p>\n","protected":false},"author":1191,"featured_media":81051,"comment_status":"closed","ping_status":"closed","sticky":false,"template":"","format":"standard","meta":{"_monsterinsights_skip_tracking":false,"_monsterinsights_sitenote_active":false,"_monsterinsights_sitenote_note":"","_monsterinsights_sitenote_category":0,"footnotes":"","_links_to":"","_links_to_target":""},"categories":[18,130,15,2973],"tags":[3178,3005,3083],"class_list":{"0":"post-81046","1":"post","2":"type-post","3":"status-publish","4":"format-standard","5":"has-post-thumbnail","7":"category-es-accion-sindical","8":"category-es-la-precariedad-mata-es-salud-laboral","9":"category-es-salud-laboral","10":"category-secretarias","11":"tag-destacado-1","12":"tag-la-precariedad-mata","13":"tag-salud-laboral-es"},"_links":{"self":[{"href":"https:\/\/www.lab.eus\/es\/wp-json\/wp\/v2\/posts\/81046","targetHints":{"allow":["GET"]}}],"collection":[{"href":"https:\/\/www.lab.eus\/es\/wp-json\/wp\/v2\/posts"}],"about":[{"href":"https:\/\/www.lab.eus\/es\/wp-json\/wp\/v2\/types\/post"}],"author":[{"embeddable":true,"href":"https:\/\/www.lab.eus\/es\/wp-json\/wp\/v2\/users\/1191"}],"replies":[{"embeddable":true,"href":"https:\/\/www.lab.eus\/es\/wp-json\/wp\/v2\/comments?post=81046"}],"version-history":[{"count":3,"href":"https:\/\/www.lab.eus\/es\/wp-json\/wp\/v2\/posts\/81046\/revisions"}],"predecessor-version":[{"id":81055,"href":"https:\/\/www.lab.eus\/es\/wp-json\/wp\/v2\/posts\/81046\/revisions\/81055"}],"wp:featuredmedia":[{"embeddable":true,"href":"https:\/\/www.lab.eus\/es\/wp-json\/wp\/v2\/media\/81051"}],"wp:attachment":[{"href":"https:\/\/www.lab.eus\/es\/wp-json\/wp\/v2\/media?parent=81046"}],"wp:term":[{"taxonomy":"category","embeddable":true,"href":"https:\/\/www.lab.eus\/es\/wp-json\/wp\/v2\/categories?post=81046"},{"taxonomy":"post_tag","embeddable":true,"href":"https:\/\/www.lab.eus\/es\/wp-json\/wp\/v2\/tags?post=81046"}],"curies":[{"name":"wp","href":"https:\/\/api.w.org\/{rel}","templated":true}]}}