{"id":81028,"date":"2025-05-28T13:14:28","date_gmt":"2025-05-28T13:14:28","guid":{"rendered":"https:\/\/www.lab.eus\/?p=81028"},"modified":"2025-05-28T13:14:31","modified_gmt":"2025-05-28T13:14:31","slug":"preacuerdo-en-ingeteam-de-sesma-tras-21-dias-de-huelga","status":"publish","type":"post","link":"https:\/\/www.lab.eus\/es\/preacuerdo-en-ingeteam-de-sesma-tras-21-dias-de-huelga\/","title":{"rendered":"Preacuerdo en Ingeteam, de Sesma, tras 21 d\u00edas de huelga"},"content":{"rendered":"\n<p>Se mejora sustancialmente en convenio del metal y supone la desconvocatoria de la huelga iniciada en marzo. Se han conseguido incrementos salariales por encima del convenio sectorial y que garantizan el IPC, y mejoras en los complementos de baja, las categor\u00edas, la antig\u00fcedad, los permisos retribuidos, el teletrabajo, as\u00ed como garantizar las jubilaciones parciales, entre otros temas.<\/p>\n\n\n\n<p>Se trata del primer acuerdo colectivo que se hace en la planta tras 25 a\u00f1os, que tras unas duras y largas negociaciones mantenidas durante el conflicto, la mayor\u00eda del Comit\u00e9 de Huelga compuesto por los sindicatos LAB y ELA, aprob\u00f3 ayer en una asamblea de huelguistas mediante votaci\u00f3n de la \u00faltima propuesta de la empresa.<\/p>\n\n\n\n<p>Dicha propuesta fue refrendada por el 77% de los y las huelguistas y es por lo que desde ayer quedan desconvocados los paros previstos para esta semana. Hoy mi\u00e9rcoles, el personal ya se ha reincorporado a sus diversos puestos de trabajo con normalidad.<\/p>\n\n\n\n<p>Se trata, por tanto, de un acuerdo de gran relevancia tras 21 d\u00edas de paros desarrollados desde el mes de marzo, donde se ha demostrado una vez m\u00e1s que sin pelea no hay negociaci\u00f3n real y que la firmeza de la plantilla con el respaldo de LAB y ELA ha llevado al \u00e9xito, tras el abandono de los huelguistas por parte de UGT.<\/p>\n","protected":false},"excerpt":{"rendered":"<p>Se mejora sustancialmente en convenio del metal y supone la desconvocatoria de la huelga iniciada en marzo. Se han conseguido incrementos salariales por encima del convenio sectorial y que garantizan el IPC, y mejoras en los complementos de baja, las categor\u00edas, la antig\u00fcedad, los permisos retribuidos, el teletrabajo, as\u00ed como garantizar las jubilaciones parciales, entre otros temas.<\/p>\n","protected":false},"author":1191,"featured_media":81029,"comment_status":"closed","ping_status":"closed","sticky":false,"template":"","format":"standard","meta":{"_monsterinsights_skip_tracking":false,"_monsterinsights_sitenote_active":false,"_monsterinsights_sitenote_note":"","_monsterinsights_sitenote_category":0,"footnotes":"","_links_to":"","_links_to_target":""},"categories":[18,2867,2868],"tags":[3033,3179,3066,2996,5251,3685],"class_list":{"0":"post-81028","1":"post","2":"type-post","3":"status-publish","4":"format-standard","5":"has-post-thumbnail","7":"category-es-accion-sindical","8":"category-federaciones","9":"category-industria-es","10":"tag-accion-sindical-es","11":"tag-destacado-2","12":"tag-federaciones-es","13":"tag-industria-es","14":"tag-ingeteam","15":"tag-lortu-dugu"},"_links":{"self":[{"href":"https:\/\/www.lab.eus\/es\/wp-json\/wp\/v2\/posts\/81028","targetHints":{"allow":["GET"]}}],"collection":[{"href":"https:\/\/www.lab.eus\/es\/wp-json\/wp\/v2\/posts"}],"about":[{"href":"https:\/\/www.lab.eus\/es\/wp-json\/wp\/v2\/types\/post"}],"author":[{"embeddable":true,"href":"https:\/\/www.lab.eus\/es\/wp-json\/wp\/v2\/users\/1191"}],"replies":[{"embeddable":true,"href":"https:\/\/www.lab.eus\/es\/wp-json\/wp\/v2\/comments?post=81028"}],"version-history":[{"count":1,"href":"https:\/\/www.lab.eus\/es\/wp-json\/wp\/v2\/posts\/81028\/revisions"}],"predecessor-version":[{"id":81031,"href":"https:\/\/www.lab.eus\/es\/wp-json\/wp\/v2\/posts\/81028\/revisions\/81031"}],"wp:featuredmedia":[{"embeddable":true,"href":"https:\/\/www.lab.eus\/es\/wp-json\/wp\/v2\/media\/81029"}],"wp:attachment":[{"href":"https:\/\/www.lab.eus\/es\/wp-json\/wp\/v2\/media?parent=81028"}],"wp:term":[{"taxonomy":"category","embeddable":true,"href":"https:\/\/www.lab.eus\/es\/wp-json\/wp\/v2\/categories?post=81028"},{"taxonomy":"post_tag","embeddable":true,"href":"https:\/\/www.lab.eus\/es\/wp-json\/wp\/v2\/tags?post=81028"}],"curies":[{"name":"wp","href":"https:\/\/api.w.org\/{rel}","templated":true}]}}