{"id":80970,"date":"2025-05-27T10:00:23","date_gmt":"2025-05-27T10:00:23","guid":{"rendered":"https:\/\/www.lab.eus\/?p=80970"},"modified":"2025-05-27T10:00:26","modified_gmt":"2025-05-27T10:00:26","slug":"la-plantilla-denuncia-que-se-haya-desplomado-una-cabina-de-triaje-en-tmb-arraiz","status":"publish","type":"post","link":"https:\/\/www.lab.eus\/es\/la-plantilla-denuncia-que-se-haya-desplomado-una-cabina-de-triaje-en-tmb-arraiz\/","title":{"rendered":"La plantilla denuncia que se haya desplomado una cabina de triaje en TMB Arraiz"},"content":{"rendered":"\n<p>Se ha concentrado en Bilbo, ante la sede del Departamento de Medio Ambiente de la Diputaci\u00f3n Foral de Bizkaia, para informar sobre el grave hecho ocurrido recientemente en la planta de tratamiento de residuos. Han se\u00f1alado que \u00abafortunadamente, no ha habido que lamentar heridos, pero no podemos obviar que esto podr\u00eda haber acabado en una tragedia\u00bb.<\/p>\n\n\n\n<p>Han a\u00f1adido que este incidente \u00abno es un caso aislado. Es consecuencia directa del alarmante deterioro que sufre la planta desde hace a\u00f1os\u00bb. Han se\u00f1alado que las condiciones estructurales, la falta de mantenimiento adecuado y la ausencia de inversiones han generado un entorno de trabajo inseguro, que pone en riesgo la integridad de las trabajadoras y trabajadores cada d\u00eda.<\/p>\n\n\n\n<p>Han se\u00f1alado directamente a la Diputaci\u00f3n Foral de Bizkaia, como m\u00e1xima responsable de esta instalaci\u00f3n. Han advertido que \u00absu inacci\u00f3n, su falta de compromiso y su silencio ante las reiteradas advertencias de la plantilla est\u00e1n poniendo en peligro vidas humanas\u00bb.<\/p>\n\n\n\n<p>La plantilla est\u00e1 preocupada y tiene miedo. Sostiene que no quiere tener que lamentar un accidente grave para que alguien act\u00fae. Exigen responsabilidades y, sobre todo, soluciones urgentes para garantizar unas condiciones de trabajo seguras y dignas.<\/p>\n\n\n\n<p>\u00abNo vamos a quedarnos callados y calladas. No podemos permitir que esta situaci\u00f3n contin\u00fae\u00bb, han concluido.<\/p>\n","protected":false},"excerpt":{"rendered":"<p>Se ha concentrado en Bilbo, ante la sede del Departamento de Medio Ambiente de la Diputaci\u00f3n Foral de Bizkaia, para informar sobre el grave hecho ocurrido recientemente en la planta de tratamiento de residuos. Han se\u00f1alado que \u00abafortunadamente, no ha habido que lamentar heridos, pero no podemos obviar que esto podr\u00eda haber acabado en una tragedia\u00bb.<\/p>\n","protected":false},"author":1191,"featured_media":80968,"comment_status":"closed","ping_status":"closed","sticky":false,"template":"","format":"standard","meta":{"_monsterinsights_skip_tracking":false,"_monsterinsights_sitenote_active":false,"_monsterinsights_sitenote_note":"","_monsterinsights_sitenote_category":0,"footnotes":"","_links_to":"","_links_to_target":""},"categories":[18,2867,8],"tags":[3033,3178,3066,3172,4347,4346],"class_list":{"0":"post-80970","1":"post","2":"type-post","3":"status-publish","4":"format-standard","5":"has-post-thumbnail","7":"category-es-accion-sindical","8":"category-federaciones","9":"category-es-servicios-privados","10":"tag-accion-sindical-es","11":"tag-destacado-1","12":"tag-federaciones-es","13":"tag-servicios-privados-es","14":"tag-tmb","15":"tag-tmb-arraiz"},"_links":{"self":[{"href":"https:\/\/www.lab.eus\/es\/wp-json\/wp\/v2\/posts\/80970","targetHints":{"allow":["GET"]}}],"collection":[{"href":"https:\/\/www.lab.eus\/es\/wp-json\/wp\/v2\/posts"}],"about":[{"href":"https:\/\/www.lab.eus\/es\/wp-json\/wp\/v2\/types\/post"}],"author":[{"embeddable":true,"href":"https:\/\/www.lab.eus\/es\/wp-json\/wp\/v2\/users\/1191"}],"replies":[{"embeddable":true,"href":"https:\/\/www.lab.eus\/es\/wp-json\/wp\/v2\/comments?post=80970"}],"version-history":[{"count":1,"href":"https:\/\/www.lab.eus\/es\/wp-json\/wp\/v2\/posts\/80970\/revisions"}],"predecessor-version":[{"id":80971,"href":"https:\/\/www.lab.eus\/es\/wp-json\/wp\/v2\/posts\/80970\/revisions\/80971"}],"wp:featuredmedia":[{"embeddable":true,"href":"https:\/\/www.lab.eus\/es\/wp-json\/wp\/v2\/media\/80968"}],"wp:attachment":[{"href":"https:\/\/www.lab.eus\/es\/wp-json\/wp\/v2\/media?parent=80970"}],"wp:term":[{"taxonomy":"category","embeddable":true,"href":"https:\/\/www.lab.eus\/es\/wp-json\/wp\/v2\/categories?post=80970"},{"taxonomy":"post_tag","embeddable":true,"href":"https:\/\/www.lab.eus\/es\/wp-json\/wp\/v2\/tags?post=80970"}],"curies":[{"name":"wp","href":"https:\/\/api.w.org\/{rel}","templated":true}]}}