{"id":80964,"date":"2025-05-26T19:48:00","date_gmt":"2025-05-26T19:48:00","guid":{"rendered":"https:\/\/www.lab.eus\/?p=80964"},"modified":"2025-05-27T07:53:42","modified_gmt":"2025-05-27T07:53:42","slug":"ya-son-al-menos-13-las-muertes-en-el-trabajo-desde-inicio-de-ano-en-nafarroa","status":"publish","type":"post","link":"https:\/\/www.lab.eus\/es\/ya-son-al-menos-13-las-muertes-en-el-trabajo-desde-inicio-de-ano-en-nafarroa\/","title":{"rendered":"Ya son al menos 13 las muertes en el trabajo desde inicio de a\u00f1o en Nafarroa"},"content":{"rendered":"\n<p>Este mediod\u00eda ha fallecido en Andosilla un trabajador de la empresa Encofrados Arias, de 50 a\u00f1os, al caerle encima una pesada carga. La falta de prevenci\u00f3n ha causado 21 muertes en Euskal Herria desde inicio de ello, 13 de ellas en Nafarroa. En primer lugar, el sindicato LAB quiere expresar sus condolencias y solidaridad con las y los familiares, amistades y personas allegadas del trabajador fallecido.<\/p>\n\n\n\n<p>Cuando las distintas actividades de varias empresas concurren en un mismo centro de trabajo los factores de riesgo aumentan considerablemente. La naturaleza de los accidentes en los \u00faltimos a\u00f1os ha dejado muchos ejemplos. Aunque la normativa exige obligaciones concretas de coordinaci\u00f3n de actividades empresariales, es obvio que \u00e9stas no se cumplen.<\/p>\n\n\n\n<p>En los \u00faltimos 30 a\u00f1os hemos visto, y los datos as\u00ed lo demuestran, que las empresas no tienen ninguna intenci\u00f3n de cumplir la normativa de salud laboral. Las instituciones competentes para el cumplimiento de la normativa colaboran expl\u00edcitamente con las empresas en ello, ya que no tienen capacidad para sancionar a las empresas mediante el Instituto de Salud P\u00fablica y Laboral de Navarra . Por si esto fuera poco el Gobierno de Navarra, la patronal CEN y los sindicatos de \u00e1mbito estatal han acordado un plan de empleo dotado de millones de euros, repleto de medidas de prevenci\u00f3n est\u00e9riles, con el \u00fanico objetivo de repartirse el dinero. A trav\u00e9s de esta f\u00f3rmula, a la patronal el incumplimiento de la normativa le sale muy barato y los trabajadores y trabajadoras lo pagamos con nuestra propia salud, y finalmente, con nuestra propia vida.<\/p>\n\n\n\n<p><\/p>\n","protected":false},"excerpt":{"rendered":"<p>Este mediod\u00eda ha fallecido en Andosilla un trabajador de la empresa Encofrados Arias, de 50 a\u00f1os, al caerle encima una pesada carga. La falta de prevenci\u00f3n ha causado 21 muertes en Euskal Herria desde inicio de ello, 13 de ellas en Nafarroa. En primer lugar, el sindicato LAB quiere expresar sus condolencias y solidaridad con las y los familiares, amistades y personas allegadas del trabajador fallecido.<\/p>\n","protected":false},"author":1191,"featured_media":69925,"comment_status":"closed","ping_status":"closed","sticky":false,"template":"","format":"standard","meta":{"_monsterinsights_skip_tracking":false,"_monsterinsights_sitenote_active":false,"_monsterinsights_sitenote_note":"","_monsterinsights_sitenote_category":0,"footnotes":"","_links_to":"","_links_to_target":""},"categories":[18,130,15,2973],"tags":[3033,3178,3005,3083],"class_list":{"0":"post-80964","1":"post","2":"type-post","3":"status-publish","4":"format-standard","5":"has-post-thumbnail","7":"category-es-accion-sindical","8":"category-es-la-precariedad-mata-es-salud-laboral","9":"category-es-salud-laboral","10":"category-secretarias","11":"tag-accion-sindical-es","12":"tag-destacado-1","13":"tag-la-precariedad-mata","14":"tag-salud-laboral-es"},"_links":{"self":[{"href":"https:\/\/www.lab.eus\/es\/wp-json\/wp\/v2\/posts\/80964","targetHints":{"allow":["GET"]}}],"collection":[{"href":"https:\/\/www.lab.eus\/es\/wp-json\/wp\/v2\/posts"}],"about":[{"href":"https:\/\/www.lab.eus\/es\/wp-json\/wp\/v2\/types\/post"}],"author":[{"embeddable":true,"href":"https:\/\/www.lab.eus\/es\/wp-json\/wp\/v2\/users\/1191"}],"replies":[{"embeddable":true,"href":"https:\/\/www.lab.eus\/es\/wp-json\/wp\/v2\/comments?post=80964"}],"version-history":[{"count":1,"href":"https:\/\/www.lab.eus\/es\/wp-json\/wp\/v2\/posts\/80964\/revisions"}],"predecessor-version":[{"id":80965,"href":"https:\/\/www.lab.eus\/es\/wp-json\/wp\/v2\/posts\/80964\/revisions\/80965"}],"wp:featuredmedia":[{"embeddable":true,"href":"https:\/\/www.lab.eus\/es\/wp-json\/wp\/v2\/media\/69925"}],"wp:attachment":[{"href":"https:\/\/www.lab.eus\/es\/wp-json\/wp\/v2\/media?parent=80964"}],"wp:term":[{"taxonomy":"category","embeddable":true,"href":"https:\/\/www.lab.eus\/es\/wp-json\/wp\/v2\/categories?post=80964"},{"taxonomy":"post_tag","embeddable":true,"href":"https:\/\/www.lab.eus\/es\/wp-json\/wp\/v2\/tags?post=80964"}],"curies":[{"name":"wp","href":"https:\/\/api.w.org\/{rel}","templated":true}]}}