{"id":80958,"date":"2025-05-26T19:24:00","date_gmt":"2025-05-26T19:24:00","guid":{"rendered":"https:\/\/www.lab.eus\/?p=80958"},"modified":"2025-05-27T07:25:51","modified_gmt":"2025-05-27T07:25:51","slug":"el-consejero-lapida-el-proyecto-de-privatizacion-de-almacenes-de-osakidetza-tras-la-presion-ejercida-en-todos-los-frentes","status":"publish","type":"post","link":"https:\/\/www.lab.eus\/es\/el-consejero-lapida-el-proyecto-de-privatizacion-de-almacenes-de-osakidetza-tras-la-presion-ejercida-en-todos-los-frentes\/","title":{"rendered":"El consejero lapida el proyecto de privatizaci\u00f3n de almacenes de Osakidetza tras la presi\u00f3n ejercida en todos los frentes"},"content":{"rendered":"\n<p>Hoy el consejero de sanidad ha comparecido para asumir el cuestionamiento de un proyecto que, seg\u00fan \u00e9l, plantea muchas dudas. Para LAB no son dudas, sino certezas, lo que planteaban los pliegos iniciales de dicho proyecto y su gesti\u00f3n autoritaria por parte del gobierno.<\/p>\n\n\n\n<p>Este proyecto es el t\u00edpico proyecto <em>made in PNV<\/em>. Aprovechar la falta de inversi\u00f3n y abandono sostenido durante a\u00f1os para plantear la milagrosa soluci\u00f3n: la externalizaci\u00f3n. Es indecente el trato que dispensa el departamento al personal \u00abno sanitario\u00bb. El PNV ya calificaba en su programa electoral estos trabajos de \u00abcomplementarios\u00bb. Lo hac\u00eda a pesar de conocer lo esencial de, por ejemplo, la limpieza en un centro sanitario o como en este caso, el suministro de los centros sanitarios. Algo que se pretend\u00eda dejar en manos de empresas privadas.<\/p>\n\n\n\n<p>En el pliego se uni\u00f3 interesada y maquiav\u00e9licamente la construcci\u00f3n de una infraestructura con su explotaci\u00f3n durante 10 a\u00f1os. El proyecto en s\u00ed supone una aberraci\u00f3n para un sistema de salud que aspire a la autosuficiencia y a la eficiencia econ\u00f3mica.<\/p>\n\n\n\n<p>Adem\u00e1s, el cuestionamiento no solo vino de una magnifica plantilla con concentraciones permanentes, que ha llevado su lucha m\u00e1s all\u00e1 del inter\u00e9s particular por sus empleos, sino defendiendo el car\u00e1cter p\u00fablico de todas las infraestructuras sanitarias.<\/p>\n\n\n\n<p>El cuestionamiento ha venido tambi\u00e9n desde la calle, desde las plataformas en defensa de la sanidad, por entender que el abastecimiento de los centros sanitarios no puede depender de los criterios economicistas que impone la ley del mercado.<\/p>\n\n\n\n<p>El cuestionamiento ha sido patente tambi\u00e9n en la mesa sectorial, donde ni siquiera se ha presentado el proyecto.<\/p>\n\n\n\n<p>El cuestionamiento tambi\u00e9n ha surgido judicialmente, donde a\u00fan permanece este tema con una demanda interpuesta por LAB junto a CCOO, ELA y ESK.<\/p>\n\n\n\n<p>LAB consigui\u00f3, con EH Bildu, que se redise\u00f1ase la explotaci\u00f3n de este proyecto en el grupo de trabajo de infraestructuras de la Mesa de Salud. Parece que ahora han entendido que este era un proyecto nacido para ser privado y redise\u00f1ar esa cuesti\u00f3n era romper el proyecto desde su base.<\/p>\n\n\n\n<p>En definitiva, el consejero hoy ha decidido hacer lo correcto. Ahora solo queda que comuniquen oficialmente y formalmente el desistimiento del expediente de contrataci\u00f3n y podremos empezar a hablar de las medidas que necesitan los almacenes de Osakidetza, que tras d\u00e9cadas de abandono en la mayor\u00eda de casos, son muchas.<\/p>\n\n\n\n<p>LAB seguir\u00e1 llevando a cabo una estrategia integral frente a la privatizaci\u00f3n, en los centros de trabajo, en la calle, en los tribunales y en todas las mesas de negociaci\u00f3n donde est\u00e9 en juego la sanidad p\u00fablica. As\u00ed, hace un llamamiento a la poblaci\u00f3n a seguir moviliz\u00e1ndose contra las pol\u00edticas de privatizaci\u00f3n.<\/p>\n","protected":false},"excerpt":{"rendered":"<p>Hoy el consejero de sanidad ha comparecido para asumir el cuestionamiento de un proyecto que, seg\u00fan \u00e9l, plantea muchas dudas. Para LAB no son dudas, sino certezas, lo que planteaban los pliegos iniciales de dicho proyecto y su gesti\u00f3n autoritaria por parte del gobierno.<\/p>\n","protected":false},"author":1191,"featured_media":80959,"comment_status":"closed","ping_status":"closed","sticky":false,"template":"","format":"standard","meta":{"_monsterinsights_skip_tracking":false,"_monsterinsights_sitenote_active":false,"_monsterinsights_sitenote_note":"","_monsterinsights_sitenote_category":0,"footnotes":"","_links_to":"","_links_to_target":""},"categories":[18,2867,6],"tags":[3033,5248,3179,3066,3685,3195,3100,3171],"class_list":{"0":"post-80958","1":"post","2":"type-post","3":"status-publish","4":"format-standard","5":"has-post-thumbnail","7":"category-es-accion-sindical","8":"category-federaciones","9":"category-es-servicios-publicos","10":"tag-accion-sindical-es","11":"tag-almacenes-de-osakidetza","12":"tag-destacado-2","13":"tag-federaciones-es","14":"tag-lortu-dugu","15":"tag-osakidetza-es","16":"tag-sanidad-es","17":"tag-servicios-publicos-es"},"_links":{"self":[{"href":"https:\/\/www.lab.eus\/es\/wp-json\/wp\/v2\/posts\/80958","targetHints":{"allow":["GET"]}}],"collection":[{"href":"https:\/\/www.lab.eus\/es\/wp-json\/wp\/v2\/posts"}],"about":[{"href":"https:\/\/www.lab.eus\/es\/wp-json\/wp\/v2\/types\/post"}],"author":[{"embeddable":true,"href":"https:\/\/www.lab.eus\/es\/wp-json\/wp\/v2\/users\/1191"}],"replies":[{"embeddable":true,"href":"https:\/\/www.lab.eus\/es\/wp-json\/wp\/v2\/comments?post=80958"}],"version-history":[{"count":1,"href":"https:\/\/www.lab.eus\/es\/wp-json\/wp\/v2\/posts\/80958\/revisions"}],"predecessor-version":[{"id":80961,"href":"https:\/\/www.lab.eus\/es\/wp-json\/wp\/v2\/posts\/80958\/revisions\/80961"}],"wp:featuredmedia":[{"embeddable":true,"href":"https:\/\/www.lab.eus\/es\/wp-json\/wp\/v2\/media\/80959"}],"wp:attachment":[{"href":"https:\/\/www.lab.eus\/es\/wp-json\/wp\/v2\/media?parent=80958"}],"wp:term":[{"taxonomy":"category","embeddable":true,"href":"https:\/\/www.lab.eus\/es\/wp-json\/wp\/v2\/categories?post=80958"},{"taxonomy":"post_tag","embeddable":true,"href":"https:\/\/www.lab.eus\/es\/wp-json\/wp\/v2\/tags?post=80958"}],"curies":[{"name":"wp","href":"https:\/\/api.w.org\/{rel}","templated":true}]}}