{"id":80948,"date":"2025-05-26T09:05:45","date_gmt":"2025-05-26T09:05:45","guid":{"rendered":"https:\/\/www.lab.eus\/?p=80948"},"modified":"2025-05-26T09:05:48","modified_gmt":"2025-05-26T09:05:48","slug":"lab-exige-al-gobierno-de-nafarroa-que-recupere-la-politica-industrial-y-presente-una-ley-que-ponga-en-el-centro-el-interes-de-la-mayoria-social","status":"publish","type":"post","link":"https:\/\/www.lab.eus\/es\/lab-exige-al-gobierno-de-nafarroa-que-recupere-la-politica-industrial-y-presente-una-ley-que-ponga-en-el-centro-el-interes-de-la-mayoria-social\/","title":{"rendered":"LAB exige al Gobierno de Nafarroa que recupere la pol\u00edtica industrial y presente una ley que ponga en el centro el inter\u00e9s de la mayor\u00eda social"},"content":{"rendered":"\n<p>El segundo borrador de la Ley Foral de Industria y de Fomento Empresarial de Nafarroa mantiene su car\u00e1cter netamente empresarial, dado que el Gobierno ha rechazado la mayor parte de las enmiendas planteadas por el sindicato LAB. Cierra as\u00ed la puerta a mejoras encaminadas a lograr una mayor planificaci\u00f3n de las transformaciones en la Industria y la titularidad p\u00fablica de proyectos industriales. Tambi\u00e9n ha rechazado m\u00faltiples propuestas de LAB que buscaban mejorar la calidad del empleo, reducir la jornada laboral, asegurar la negociaci\u00f3n colectiva de los planes de descarbonizaci\u00f3n y reforzar la legislaci\u00f3n contra las deslocalizaciones en defensa del empleo.<\/p>\n\n\n\n<p>Tras m\u00e1s de un a\u00f1o de proceso de elaboraci\u00f3n de la Ley de Industria de Nafarroa, el sindicato LAB ha recibido con enfado y decepci\u00f3n el segundo borrador de esa ley que frustra y obstaculiza cuestiones que, a su entender, son indispensables en la defensa y dignificaci\u00f3n de la industria navarra. Dicho de otra manera, el Gobierno de Nafarroa sigue sin recuperar la pol\u00edtica industrial que abandonaron los gobiernos de UPN y sigue fi\u00e1ndolo todo a la iniciativa empresarial y a las transnacionales.<\/p>\n\n\n\n<p>A nadie se le escapa que la industria europea en general y la navarra en particular est\u00e1n viviendo tiempos muy dif\u00edciles, de incertidumbre, de destrucci\u00f3n y precarizaci\u00f3n de puestos de trabajo. Ante esta situaci\u00f3n, LAB ha realizado un importante y sincero esfuerzo mediante una participaci\u00f3n activa y constructiva en varias mesas de trabajo en las que ha presentado 60 enmiendas a la nueva ley con el objetivo de poner en el centro el futuro de la Industria y el inter\u00e9s de la mayor\u00eda social. Desgraciadamente, el Gobierno no ha aceptado la mayor\u00eda de ellas, como son, por ejemplo, las mejoras encaminadas a lograr una mayor planificaci\u00f3n de las transformaciones en la Industria y la titularidad p\u00fablica de proyectos industriales.<\/p>\n\n\n\n<p>S\u00ed que se ha conseguido alguna cosa: introducir elementos relativos a la igualdad de oportunidades y no discriminaci\u00f3n (diagn\u00f3stico sobre la discriminaci\u00f3n por raz\u00f3n de g\u00e9nero, raza o condici\u00f3n sexual en la Industria) as\u00ed como la defensa del empleo (planificaci\u00f3n y proposici\u00f3n de medidas para contrarrestar los posibles impactos negativos sobre el empleo que pueda tener la transici\u00f3n ecol\u00f3gica).<\/p>\n\n\n\n<p>LAB ha ejercido de contrapoder en la mesa de industria frente a las pretensiones ego\u00edstas de los empresarios de la CEN y la dejadez de UGT, CCOO y ELA, sindicatos que no han propuesto absolutamente nada.<\/p>\n\n\n\n<p><strong>\u00bf<\/strong><strong>C<\/strong><strong>u\u00e1l<\/strong><strong>es son las propuestas de los empresarios ante <\/strong><strong>los<\/strong><strong> reto<\/strong><strong>s<\/strong><strong> q<\/strong><strong>ue presenta la industria<\/strong><strong> en Nafarroa?<\/strong><\/p>\n\n\n\n<p>El an\u00e1lisis de las enmiendas presentadas bajo la firma de la patronal CEN dejan en evidencia que a d\u00eda de hoy representan un obst\u00e1culo para el progreso, bienestar y futuro de Nafarroa. Siguen en la l\u00f3gica de precarizar a\u00fan m\u00e1s los puestos de trabajo. No est\u00e1n dispuestos a asumir ninguna responsabilidad en el proceso de transici\u00f3n ecol\u00f3gica, ni tienen voluntad alguna para abordar un debate sincero sobre el actual modelo insostenible y las necesidades de la industria. Todo se limita a la m\u00e1xima de \u201co lo m\u00edo o nada\u201d.<\/p>\n\n\n\n<p>As\u00ed, sus aportaciones se traducen en exigir, en ocasiones con mal gusto, eliminar cualquier referencia a la calidad en el empleo, la conciliaci\u00f3n familiar y laboral, la igualdad de oportunidades, los planes de descarbornizaci\u00f3n, o de transici\u00f3n hacia una econom\u00eda circular. Tampoco quieren o\u00edr hablar de la responsabilidad social empresarial o criterios ambientales sociales y de gobernanza democr\u00e1tica. Lo poco que aportan hace referencia a garantizar sus intereses corporativos en relaci\u00f3n a tomar parte en la \u201cventanilla \u00fanica empresarial\u201d, el Tren de Alta Velocidad y el Di\u00e1logo Social.<\/p>\n\n\n\n<p>El sindicato LAB es consciente de que el proceso no ha finalizado y que el texto final deber\u00e1 pasar por el Parlamento de Nafarroa. Por ello, avanzamos una ronda de contactos con distintos partidos con representaci\u00f3n parlamentaria para que tengan en consideraci\u00f3n las aportaciones que representan el inter\u00e9s general y que han sido rechazadas pro el Gobierno de Nafarroa.<\/p>\n\n\n\n<p>LAB, desde una l\u00f3gica constructiva de contrapoder, va a seguir trabajando, activando y movilizando a su representaci\u00f3n sindical en defensa y desarrollo de una industria navarra sostenible y con condiciones laborales dignas.<\/p>\n","protected":false},"excerpt":{"rendered":"<p>El segundo borrador de la Ley Foral de Industria y de Fomento Empresarial de Nafarroa mantiene su car\u00e1cter netamente empresarial, dado que el Gobierno ha rechazado la mayor parte de las enmiendas planteadas por el sindicato LAB. Cierra as\u00ed la puerta a mejoras encaminadas a lograr una mayor planificaci\u00f3n de las transformaciones en la Industria y la titularidad p\u00fablica de proyectos industriales. Tambi\u00e9n ha rechazado m\u00faltiples propuestas de LAB que buscaban mejorar la calidad del empleo, reducir la jornada laboral, asegurar la negociaci\u00f3n colectiva de los planes de descarbonizaci\u00f3n y reforzar la legislaci\u00f3n contra las deslocalizaciones en defensa del empleo.<\/p>\n","protected":false},"author":1191,"featured_media":80946,"comment_status":"closed","ping_status":"closed","sticky":false,"template":"","format":"standard","meta":{"_monsterinsights_skip_tracking":false,"_monsterinsights_sitenote_active":false,"_monsterinsights_sitenote_note":"","_monsterinsights_sitenote_category":0,"footnotes":"","_links_to":"","_links_to_target":""},"categories":[18,2867,2868],"tags":[3033,3178,3066,2996,4645,5099],"class_list":{"0":"post-80948","1":"post","2":"type-post","3":"status-publish","4":"format-standard","5":"has-post-thumbnail","7":"category-es-accion-sindical","8":"category-federaciones","9":"category-industria-es","10":"tag-accion-sindical-es","11":"tag-destacado-1","12":"tag-federaciones-es","13":"tag-industria-es","14":"tag-ley-de-industria","15":"tag-ley-de-industria-de-nafarroa"},"_links":{"self":[{"href":"https:\/\/www.lab.eus\/es\/wp-json\/wp\/v2\/posts\/80948","targetHints":{"allow":["GET"]}}],"collection":[{"href":"https:\/\/www.lab.eus\/es\/wp-json\/wp\/v2\/posts"}],"about":[{"href":"https:\/\/www.lab.eus\/es\/wp-json\/wp\/v2\/types\/post"}],"author":[{"embeddable":true,"href":"https:\/\/www.lab.eus\/es\/wp-json\/wp\/v2\/users\/1191"}],"replies":[{"embeddable":true,"href":"https:\/\/www.lab.eus\/es\/wp-json\/wp\/v2\/comments?post=80948"}],"version-history":[{"count":1,"href":"https:\/\/www.lab.eus\/es\/wp-json\/wp\/v2\/posts\/80948\/revisions"}],"predecessor-version":[{"id":80949,"href":"https:\/\/www.lab.eus\/es\/wp-json\/wp\/v2\/posts\/80948\/revisions\/80949"}],"wp:featuredmedia":[{"embeddable":true,"href":"https:\/\/www.lab.eus\/es\/wp-json\/wp\/v2\/media\/80946"}],"wp:attachment":[{"href":"https:\/\/www.lab.eus\/es\/wp-json\/wp\/v2\/media?parent=80948"}],"wp:term":[{"taxonomy":"category","embeddable":true,"href":"https:\/\/www.lab.eus\/es\/wp-json\/wp\/v2\/categories?post=80948"},{"taxonomy":"post_tag","embeddable":true,"href":"https:\/\/www.lab.eus\/es\/wp-json\/wp\/v2\/tags?post=80948"}],"curies":[{"name":"wp","href":"https:\/\/api.w.org\/{rel}","templated":true}]}}