{"id":80941,"date":"2025-05-26T08:12:02","date_gmt":"2025-05-26T08:12:02","guid":{"rendered":"https:\/\/www.lab.eus\/?p=80941"},"modified":"2025-05-26T08:12:05","modified_gmt":"2025-05-26T08:12:05","slug":"garbine-aranburu-reivindica-el-sindicalismo-combativo-feminista-y-antirracista-en-el-congreso-del-sindicato-cig-de-galiza-para-hacer-frente-a-la-ultraderecha","status":"publish","type":"post","link":"https:\/\/www.lab.eus\/es\/garbine-aranburu-reivindica-el-sindicalismo-combativo-feminista-y-antirracista-en-el-congreso-del-sindicato-cig-de-galiza-para-hacer-frente-a-la-ultraderecha\/","title":{"rendered":"Garbi\u00f1e Aranburu reivindica el sindicalismo combativo feminista y antirracista en el congreso del sindicato CIG de Galiza para hacer frente a la ultraderecha"},"content":{"rendered":"\n<p>El 24 de mayo se ha celebrado el IX congreso del sindicato de Galiza Confederaci\u00f3n Intersindical Galega (CIG) en Santiago de Compostela, con el lema <em>A forza da nosa clase. Traballo, dereitos, soberan\u00eda <\/em>al que han acudido la coordinadora general Garbi\u00f1e Aranburu la secretaria de Acci\u00f3n Sindical y Negociaci\u00f3n Colectiva Oihana Lopetegi.<\/p>\n\n\n\n<p>Aranburu ha realizado una intervenci\u00f3n en el mismo destacando lo que une a LAB y a CIG: \u201cSomos sindicatos de clase, soberanistas, de naciones sin un estadio propio y con una clara vocaci\u00f3n independentista\u201d.<\/p>\n\n\n\n<p>Analizando la situaci\u00f3n a nivel mundial, ha mencionado la relaci\u00f3n que tiene \u00e9sta con \u201cel sistema capitalista heteropatriarcal, colonial y ecocida\u201d. Ha advertido que \u00e9ste es \u201ccada vez m\u00e1s injusto, violento y autoritario\u201d y que \u201cfomenta el aumento del fascismo\u201d. Tras denunciar el genocidio que est\u00e1 llevando a cabo Israel, ha a\u00f1adido que \u201cnuestro coraz\u00f3n est\u00e1 con Palestina\u201d.<\/p>\n\n\n\n<p>Mencionando que son \u201ctiempos de lucha\u201d, ha se\u00f1alado que LAB no cree en \u201cla farsa del di\u00e1logo social\u201d, y ha a\u00f1adido que \u201cla fuerza del cambio reside en la capacidad de activar huelgas y movilizaciones; en la capacidad de disputarle todos los \u00e1mbitos al capital, los centros de trabajo, las calles y las instituciones; en la capacidad de presionar a gobiernos, instituciones y patronales\u201d.<\/p>\n\n\n\n<p>Ahondando en la pr\u00e1ctica de LAB, ha destacado que est\u00e1 trabajando para \u201corganizar y empoderar a toda la clase trabajadora\u201d a trav\u00e9s de un \u201csindicalismo combativo, feminista y antirracista\u201d, ya que es \u00e9ste \u201cel mejor ant\u00eddoto para frenar el avance de los valores reaccionarios de la ultraderecha\u201d.<\/p>\n\n\n\n<p>Ha reivindicado \u201cel triple reparto\u201d como alternativa al capitalismo, \u201cel reparto de los cuidados, el empleo y la riqueza\u201d, y que \u00e9sta es una \u201ccuesti\u00f3n global\u201d, y que por ello, LAB seguir\u00e1 \u201ctejiendo alianzas internacionales\u201d. Tambi\u00e9n ha destacado la necesidad de avanzar \u201cen la transformaci\u00f3n social\u201d a trav\u00e9s de la lucha sindical y social, \u201capostando claramente por la soberan\u00eda y el derecho de autodeterminaci\u00f3n de los pueblos\u201d.<\/p>\n\n\n\n<p>Del mismo modo, y ante los procesos de desindustrializaci\u00f3n, ha defendido \u201cuna transici\u00f3n ecosocial planificada, con intervenci\u00f3n del sector p\u00fablico y con la participaci\u00f3n de las y los trabajadores\u201d.<\/p>\n\n\n\n<p><strong>Seminario internacional<\/strong><\/p>\n\n\n\n<p>Oihana Lopetegi, secretaria de Acci\u00f3n Sindical y Negociaci\u00f3n Colectiva, ha tomado la palabra en el seminario internacional celebrado la v\u00edspera del congreso y ha se\u00f1alado que ante la ofensiva del capital \u201cla clase trabajadora no puede quedar al margen\u201d.<\/p>\n\n\n\n<p>En esta l\u00ednea, ha destacado que son las mujeres*, las personas migrantes y los y las j\u00f3venes quienes sufren \u201ccon m\u00e1s dureza la precarizaci\u00f3n, la p\u00e9rdida de derechos, la represi\u00f3n y la guerra\u201d. Ante esto, ha reivindicado que \u201cel movimiento sindical debe recuperar su papel hist\u00f3rico, el de ser fuerza de transformaci\u00f3n, de denuncia, de organizaci\u00f3n y de propuesta\u201d.<\/p>\n\n\n\n<p>Fij\u00e1ndose en el contexto internacional, ha exigido \u201cla desaparici\u00f3n de la OTAN y de todas las alianzas militares, el fin de los presupuestos militares y un giro radical hacia un modelo de relaciones internacionales basado en la paz con justicia, el di\u00e1logo pol\u00edtico y el respeto a los derechos de todos los pueblos\u201d. Ha a\u00f1adido que LAB rechaza \u201cel rearme, las guerras por recursos, el militarismo como pol\u00edtica de estado y que se siga gobernando contra la mayor\u00eda social\u201d.<\/p>\n\n\n\n<figure class=\"wp-block-gallery has-nested-images columns-default is-cropped wp-block-gallery-1 is-layout-flex wp-block-gallery-is-layout-flex\">\n<figure class=\"wp-block-image size-large\"><img loading=\"lazy\" decoding=\"async\" width=\"1024\" height=\"771\" data-id=\"80939\" src=\"https:\/\/www.lab.eus\/wp-content\/uploads\/2025\/05\/CIG-Oihana-Lopetegi-1024x771.jpg\" alt=\"\" class=\"wp-image-80939\" srcset=\"https:\/\/www.lab.eus\/wp-content\/uploads\/2025\/05\/CIG-Oihana-Lopetegi-1024x771.jpg 1024w, https:\/\/www.lab.eus\/wp-content\/uploads\/2025\/05\/CIG-Oihana-Lopetegi-300x226.jpg 300w, https:\/\/www.lab.eus\/wp-content\/uploads\/2025\/05\/CIG-Oihana-Lopetegi-768x578.jpg 768w, https:\/\/www.lab.eus\/wp-content\/uploads\/2025\/05\/CIG-Oihana-Lopetegi-558x420.jpg 558w, https:\/\/www.lab.eus\/wp-content\/uploads\/2025\/05\/CIG-Oihana-Lopetegi-80x60.jpg 80w, https:\/\/www.lab.eus\/wp-content\/uploads\/2025\/05\/CIG-Oihana-Lopetegi-150x113.jpg 150w, https:\/\/www.lab.eus\/wp-content\/uploads\/2025\/05\/CIG-Oihana-Lopetegi-696x524.jpg 696w, https:\/\/www.lab.eus\/wp-content\/uploads\/2025\/05\/CIG-Oihana-Lopetegi-1068x804.jpg 1068w, https:\/\/www.lab.eus\/wp-content\/uploads\/2025\/05\/CIG-Oihana-Lopetegi.jpg 1280w\" sizes=\"auto, (max-width: 1024px) 100vw, 1024px\" \/><\/figure>\n<\/figure>\n","protected":false},"excerpt":{"rendered":"<p>El 24 de mayo se ha celebrado el IX congreso del sindicato de Galiza Confederaci\u00f3n Intersindical Galega (CIG) en Santiago de Compostela, con el lema A forza da nosa clase. Traballo, dereitos, soberan\u00eda al que han acudido la coordinadora general Garbi\u00f1e Aranburu la secretaria de Acci\u00f3n Sindical y Negociaci\u00f3n Colectiva Oihana Lopetegi.<\/p>\n","protected":false},"author":1191,"featured_media":80937,"comment_status":"closed","ping_status":"closed","sticky":false,"template":"","format":"standard","meta":{"_monsterinsights_skip_tracking":false,"_monsterinsights_sitenote_active":false,"_monsterinsights_sitenote_note":"","_monsterinsights_sitenote_category":0,"footnotes":"","_links_to":"","_links_to_target":""},"categories":[4,2973],"tags":[1072,5246,3178,3173],"class_list":{"0":"post-80941","1":"post","2":"type-post","3":"status-publish","4":"format-standard","5":"has-post-thumbnail","7":"category-es-internacional","8":"category-secretarias","9":"tag-cig","10":"tag-congreso-de-cig","11":"tag-destacado-1","12":"tag-internacional-es"},"_links":{"self":[{"href":"https:\/\/www.lab.eus\/es\/wp-json\/wp\/v2\/posts\/80941","targetHints":{"allow":["GET"]}}],"collection":[{"href":"https:\/\/www.lab.eus\/es\/wp-json\/wp\/v2\/posts"}],"about":[{"href":"https:\/\/www.lab.eus\/es\/wp-json\/wp\/v2\/types\/post"}],"author":[{"embeddable":true,"href":"https:\/\/www.lab.eus\/es\/wp-json\/wp\/v2\/users\/1191"}],"replies":[{"embeddable":true,"href":"https:\/\/www.lab.eus\/es\/wp-json\/wp\/v2\/comments?post=80941"}],"version-history":[{"count":1,"href":"https:\/\/www.lab.eus\/es\/wp-json\/wp\/v2\/posts\/80941\/revisions"}],"predecessor-version":[{"id":80942,"href":"https:\/\/www.lab.eus\/es\/wp-json\/wp\/v2\/posts\/80941\/revisions\/80942"}],"wp:featuredmedia":[{"embeddable":true,"href":"https:\/\/www.lab.eus\/es\/wp-json\/wp\/v2\/media\/80937"}],"wp:attachment":[{"href":"https:\/\/www.lab.eus\/es\/wp-json\/wp\/v2\/media?parent=80941"}],"wp:term":[{"taxonomy":"category","embeddable":true,"href":"https:\/\/www.lab.eus\/es\/wp-json\/wp\/v2\/categories?post=80941"},{"taxonomy":"post_tag","embeddable":true,"href":"https:\/\/www.lab.eus\/es\/wp-json\/wp\/v2\/tags?post=80941"}],"curies":[{"name":"wp","href":"https:\/\/api.w.org\/{rel}","templated":true}]}}