{"id":79940,"date":"2025-04-16T11:23:45","date_gmt":"2025-04-16T11:23:45","guid":{"rendered":"https:\/\/www.lab.eus\/?p=79940"},"modified":"2025-04-16T11:23:48","modified_gmt":"2025-04-16T11:23:48","slug":"lab-da-por-bueno-el-acuerdo-firmado-por-el-ayuntamiento-de-irunea-y-la-empresa-de-bicicletas-de-alquiler-que-acarreara-el-pago-de-las-nominas-que-se-debian-a-la-plantilla","status":"publish","type":"post","link":"https:\/\/www.lab.eus\/es\/lab-da-por-bueno-el-acuerdo-firmado-por-el-ayuntamiento-de-irunea-y-la-empresa-de-bicicletas-de-alquiler-que-acarreara-el-pago-de-las-nominas-que-se-debian-a-la-plantilla\/","title":{"rendered":"LAB da por bueno el acuerdo firmado por el Ayuntamiento de Iru\u00f1ea y la empresa de bicicletas de alquiler que acarrear\u00e1 el pago de las n\u00f3minas que se deb\u00edan a la plantilla"},"content":{"rendered":"\n<p>El sindicato LAB denunci\u00f3 hace dos semanas que los trabajadores y trabajadoras del servicio de bicicletas el\u00e9ctricas de alquiler de Iru\u00f1ea Ride On se encontraban en una situaci\u00f3n muy delicada, ya que llevaban seis meses cobrando sus n\u00f3minas con retraso y adem\u00e1s la empresa les deb\u00eda dos n\u00f3minas completas. Seg\u00fan el acuerdo entre el Ayuntamiento de Iru\u00f1ea y Ride On, anunciado hoy, se garantizar\u00e1 al parecer la continuidad del servicio y la empresa cancelar\u00e1 inmediatamente sus deudas con la plantilla.<\/p>\n\n\n\n<p>Un punto del nuevo acuerdo firmado por el Ayuntamiento de Iru\u00f1ea y Ride On indica que el consistorio adelantar\u00e1 200.000 euros para que la empresa abone de forma inmediata los salarios que adeuda a sus empleados y empleadas. El sindicato LAB ha valorado muy positivamente este punto del acuerdo, ya que da una soluci\u00f3n inmediata a la grave situaci\u00f3n que atravesaba la plantilla. Asimismo, LAB da por buenas a otras medidas que se van a adoptar para garantizar la viabilidad del servicio, sobre todo la contrataci\u00f3n de cuatro personas m\u00e1s, lo que redundar\u00e1 en una mejora de las condiciones laborales de todos los trabajadores y trabajadoras.<\/p>\n","protected":false},"excerpt":{"rendered":"<p>El sindicato LAB denunci\u00f3 hace dos semanas que los trabajadores y trabajadoras del servicio de bicicletas el\u00e9ctricas de alquiler de Iru\u00f1ea Ride On se encontraban en una situaci\u00f3n muy delicada, ya que llevaban seis meses cobrando sus n\u00f3minas con retraso y adem\u00e1s la empresa les deb\u00eda dos n\u00f3minas completas. Seg\u00fan el acuerdo entre el Ayuntamiento de Iru\u00f1ea y Ride On, anunciado hoy, se garantizar\u00e1 al parecer la continuidad del servicio y la empresa cancelar\u00e1 inmediatamente sus deudas con la plantilla.<\/p>\n","protected":false},"author":1191,"featured_media":79490,"comment_status":"closed","ping_status":"closed","sticky":false,"template":"","format":"standard","meta":{"_monsterinsights_skip_tracking":false,"_monsterinsights_sitenote_active":false,"_monsterinsights_sitenote_note":"","_monsterinsights_sitenote_category":0,"footnotes":"","_links_to":"","_links_to_target":""},"categories":[18,2867,8],"tags":[3033,3178,3066,5221,3172],"class_list":{"0":"post-79940","1":"post","2":"type-post","3":"status-publish","4":"format-standard","5":"has-post-thumbnail","7":"category-es-accion-sindical","8":"category-federaciones","9":"category-es-servicios-privados","10":"tag-accion-sindical-es","11":"tag-destacado-1","12":"tag-federaciones-es","13":"tag-ride-on","14":"tag-servicios-privados-es"},"_links":{"self":[{"href":"https:\/\/www.lab.eus\/es\/wp-json\/wp\/v2\/posts\/79940","targetHints":{"allow":["GET"]}}],"collection":[{"href":"https:\/\/www.lab.eus\/es\/wp-json\/wp\/v2\/posts"}],"about":[{"href":"https:\/\/www.lab.eus\/es\/wp-json\/wp\/v2\/types\/post"}],"author":[{"embeddable":true,"href":"https:\/\/www.lab.eus\/es\/wp-json\/wp\/v2\/users\/1191"}],"replies":[{"embeddable":true,"href":"https:\/\/www.lab.eus\/es\/wp-json\/wp\/v2\/comments?post=79940"}],"version-history":[{"count":1,"href":"https:\/\/www.lab.eus\/es\/wp-json\/wp\/v2\/posts\/79940\/revisions"}],"predecessor-version":[{"id":79941,"href":"https:\/\/www.lab.eus\/es\/wp-json\/wp\/v2\/posts\/79940\/revisions\/79941"}],"wp:featuredmedia":[{"embeddable":true,"href":"https:\/\/www.lab.eus\/es\/wp-json\/wp\/v2\/media\/79490"}],"wp:attachment":[{"href":"https:\/\/www.lab.eus\/es\/wp-json\/wp\/v2\/media?parent=79940"}],"wp:term":[{"taxonomy":"category","embeddable":true,"href":"https:\/\/www.lab.eus\/es\/wp-json\/wp\/v2\/categories?post=79940"},{"taxonomy":"post_tag","embeddable":true,"href":"https:\/\/www.lab.eus\/es\/wp-json\/wp\/v2\/tags?post=79940"}],"curies":[{"name":"wp","href":"https:\/\/api.w.org\/{rel}","templated":true}]}}