{"id":79936,"date":"2025-04-16T11:11:56","date_gmt":"2025-04-16T11:11:56","guid":{"rendered":"https:\/\/www.lab.eus\/?p=79936"},"modified":"2025-04-16T11:11:58","modified_gmt":"2025-04-16T11:11:58","slug":"lab-denuncia-que-hay-miles-de-cartas-sin-repartir-en-gasteiz-por-la-falta-de-plantilla-de-correos","status":"publish","type":"post","link":"https:\/\/www.lab.eus\/es\/lab-denuncia-que-hay-miles-de-cartas-sin-repartir-en-gasteiz-por-la-falta-de-plantilla-de-correos\/","title":{"rendered":"LAB denuncia que hay miles de cartas sin repartir en Gasteiz por la falta de plantilla de Correos"},"content":{"rendered":"\n<p>La falta de contrataci\u00f3n, tras el dr\u00e1stico recorte en esta materia de la nueva direcci\u00f3n de Correos, lleva meses generando un caos en el reparto postal que est\u00e1 llegando a l\u00edmites nunca vistos. El recorte en contrataci\u00f3n es tal que, en muchos casos, no se est\u00e1 cubriendo nada. Para ejemplo, la cartera del Casco Viejo lleva m\u00e1s de medio a\u00f1o de baja sin cubrir.<\/p>\n\n\n\n<p>Miles de env\u00edos sin repartir por falta de personal colapsan el reparto en Gasteiz, en especial en barrios como el Casco Viejo, Santa Luc\u00eda y Salburua. Hay zonas que llevan sin repartir m\u00e1s de dos meses. A esto hay que a\u00f1adir que, para la empresa, la prioridad est\u00e1 siendo repartir cierta paqueter\u00eda y notificaciones, dejando a un lado, por ejemplo, el reparto de cartas, que son muy importantes para la ciudadan\u00eda en general.<\/p>\n\n\n\n<p>El reparto de cartas oficiales, citas m\u00e9dicas, correspondencia de hacienda, del juzgado, facturas, etc, est\u00e1 retenido desde hace meses. \u00bfSe cumple el Servicio Postal Universal o solo se satisfacen los intereses de gigantes de venta por internet que apenas pagan impuestos? La nula contrataci\u00f3n de Correos, sumada a la decisi\u00f3n de la empresa de anteponer intereses de esas empresas al inter\u00e9s general, est\u00e1 generando este caos en el servicio p\u00fablico. Miles de cartas est\u00e1n atascadas en Gasteiz, ya hay m\u00e1s de 10.000 env\u00edos postales acumulados solo en los barrios de Salburua, Casco Viejo y Santa luc\u00eda.<\/p>\n\n\n\n<p>La mala gesti\u00f3n de la direcci\u00f3n de distribuci\u00f3n y los recortes est\u00e1n provocando da\u00f1os graves a la ciudadan\u00eda. Correos debe tener la plantilla suficiente para poder garantizar de forma adecuada el Servicio Postal Universal, que es un derecho de la ciudadan\u00eda. As\u00ed, LAB reclama unas condiciones de trabajo dignas y un Correos p\u00fablico y de calidad.<\/p>\n","protected":false},"excerpt":{"rendered":"<p>La falta de contrataci\u00f3n, tras el dr\u00e1stico recorte en esta materia de la nueva direcci\u00f3n de Correos, lleva meses generando un caos en el reparto postal que est\u00e1 llegando a l\u00edmites nunca vistos. El recorte en contrataci\u00f3n es tal que, en muchos casos, no se est\u00e1 cubriendo nada. Para ejemplo, la cartera del Casco Viejo lleva m\u00e1s de medio a\u00f1o de baja sin cubrir.<\/p>\n","protected":false},"author":1191,"featured_media":19743,"comment_status":"closed","ping_status":"closed","sticky":false,"template":"","format":"standard","meta":{"_monsterinsights_skip_tracking":false,"_monsterinsights_sitenote_active":false,"_monsterinsights_sitenote_note":"","_monsterinsights_sitenote_category":0,"footnotes":"","_links_to":"","_links_to_target":""},"categories":[18,2867,6],"tags":[3033,3347,3178,3066,3171],"class_list":{"0":"post-79936","1":"post","2":"type-post","3":"status-publish","4":"format-standard","5":"has-post-thumbnail","7":"category-es-accion-sindical","8":"category-federaciones","9":"category-es-servicios-publicos","10":"tag-accion-sindical-es","11":"tag-correos-es","12":"tag-destacado-1","13":"tag-federaciones-es","14":"tag-servicios-publicos-es"},"_links":{"self":[{"href":"https:\/\/www.lab.eus\/es\/wp-json\/wp\/v2\/posts\/79936","targetHints":{"allow":["GET"]}}],"collection":[{"href":"https:\/\/www.lab.eus\/es\/wp-json\/wp\/v2\/posts"}],"about":[{"href":"https:\/\/www.lab.eus\/es\/wp-json\/wp\/v2\/types\/post"}],"author":[{"embeddable":true,"href":"https:\/\/www.lab.eus\/es\/wp-json\/wp\/v2\/users\/1191"}],"replies":[{"embeddable":true,"href":"https:\/\/www.lab.eus\/es\/wp-json\/wp\/v2\/comments?post=79936"}],"version-history":[{"count":1,"href":"https:\/\/www.lab.eus\/es\/wp-json\/wp\/v2\/posts\/79936\/revisions"}],"predecessor-version":[{"id":79937,"href":"https:\/\/www.lab.eus\/es\/wp-json\/wp\/v2\/posts\/79936\/revisions\/79937"}],"wp:featuredmedia":[{"embeddable":true,"href":"https:\/\/www.lab.eus\/es\/wp-json\/wp\/v2\/media\/19743"}],"wp:attachment":[{"href":"https:\/\/www.lab.eus\/es\/wp-json\/wp\/v2\/media?parent=79936"}],"wp:term":[{"taxonomy":"category","embeddable":true,"href":"https:\/\/www.lab.eus\/es\/wp-json\/wp\/v2\/categories?post=79936"},{"taxonomy":"post_tag","embeddable":true,"href":"https:\/\/www.lab.eus\/es\/wp-json\/wp\/v2\/tags?post=79936"}],"curies":[{"name":"wp","href":"https:\/\/api.w.org\/{rel}","templated":true}]}}