{"id":79915,"date":"2025-04-15T14:38:12","date_gmt":"2025-04-15T14:38:12","guid":{"rendered":"https:\/\/www.lab.eus\/?p=79915"},"modified":"2025-04-15T14:38:15","modified_gmt":"2025-04-15T14:38:15","slug":"una-nueva-muerte-laboral-en-el-sector-del-transporte","status":"publish","type":"post","link":"https:\/\/www.lab.eus\/es\/una-nueva-muerte-laboral-en-el-sector-del-transporte\/","title":{"rendered":"Una nueva muerte laboral en el sector del transporte"},"content":{"rendered":"\n<p>Ayer, en Hernani, el transportista de 57 a\u00f1os E.R.P. falleci\u00f3 debido a un accidente laboral no traum\u00e1tico, ocurrido mientras cargaba combustible en la gasolinera de Repsol de la A-8. El trabajador fallecido pertenec\u00eda a la empresa Transportes Petrol\u00edferos Coordinados S.L. de la localidad navarra de Salinas de Pamplona. Con esta muerte, son ya 18 las personas trabajadoras fallecidas en accidente laboral este a\u00f1o en Euskal Herria.<\/p>\n\n\n\n<p>Antes de nada, LAB quiere expresar todo su apoyo y solidaridad a la familia y amigas y amigos del trabajador fallecido.<\/p>\n\n\n\n<p>El sindicato tiene que denunciar la muerte de otro trabajador del transporte. Este sector es uno de los que m\u00e1s sufren la lacra de la siniestrabilidad laboral. LAB no se cansar\u00e1 de denunciar que los accidentes laborales son consecuencia de las malas condiciones laborales y la falta de medidas de prevenci\u00f3n y seguridad.<\/p>\n\n\n\n<p>Las condiciones del sector del transporte son muy precarias : largas jornadas, estr\u00e9s, presiones, el bajo precio que se paga, las dificultades para mantener un estilo de vida y alimentaci\u00f3n sanas, etc. Por eso LAB se\u00f1ala que la mayor\u00eda de los accidentes laborales que ocurren en el sector del transporte se pueden evitar, y para ello no es necesario m\u00e1s que voluntad pol\u00edtica para ello, as\u00ed como la implicaci\u00f3n de todas las instituciones y empresas para tomar las medidas necesarias para respetar y garantizar los derechos laborales de las y los transportistas.<\/p>\n\n\n\n<p>Hay que terminar con la precariedad. Hay que terminar con la impunidad de la patronal. Las instituciones no pueden seguir mirando para otro lado, de lo contrario, ser\u00e1n c\u00f3mplices.<\/p>\n\n\n\n<p>Desde LAB hacemos un llamamiento a participar en las movilizaciones que se organicen para denunciar este accidente laboral.<\/p>\n\n\n\n<p>No m\u00e1s accidentes laborales, ni en el sector del transporte ni en ning\u00fan otro.<\/p>\n","protected":false},"excerpt":{"rendered":"<p>Ayer, en Hernani, el transportista de 57 a\u00f1os E.R.P. falleci\u00f3 debido a un accidente laboral no traum\u00e1tico, ocurrido mientras cargaba combustible en la gasolinera de Repsol de la A-8. El trabajador fallecido pertenec\u00eda a la empresa Transportes Petrol\u00edferos Coordinados S.L. de la localidad navarra de Salinas de Pamplona. Con esta muerte, son ya 18 las personas trabajadoras fallecidas en accidente laboral este a\u00f1o en Euskal Herria.<\/p>\n","protected":false},"author":1191,"featured_media":49698,"comment_status":"closed","ping_status":"closed","sticky":false,"template":"","format":"standard","meta":{"_monsterinsights_skip_tracking":false,"_monsterinsights_sitenote_active":false,"_monsterinsights_sitenote_note":"","_monsterinsights_sitenote_category":0,"footnotes":"","_links_to":"","_links_to_target":""},"categories":[18,130,15,2973],"tags":[3033,3178,3005,3083,3024],"class_list":{"0":"post-79915","1":"post","2":"type-post","3":"status-publish","4":"format-standard","5":"has-post-thumbnail","7":"category-es-accion-sindical","8":"category-es-la-precariedad-mata-es-salud-laboral","9":"category-es-salud-laboral","10":"category-secretarias","11":"tag-accion-sindical-es","12":"tag-destacado-1","13":"tag-la-precariedad-mata","14":"tag-salud-laboral-es","15":"tag-secretarias"},"_links":{"self":[{"href":"https:\/\/www.lab.eus\/es\/wp-json\/wp\/v2\/posts\/79915","targetHints":{"allow":["GET"]}}],"collection":[{"href":"https:\/\/www.lab.eus\/es\/wp-json\/wp\/v2\/posts"}],"about":[{"href":"https:\/\/www.lab.eus\/es\/wp-json\/wp\/v2\/types\/post"}],"author":[{"embeddable":true,"href":"https:\/\/www.lab.eus\/es\/wp-json\/wp\/v2\/users\/1191"}],"replies":[{"embeddable":true,"href":"https:\/\/www.lab.eus\/es\/wp-json\/wp\/v2\/comments?post=79915"}],"version-history":[{"count":1,"href":"https:\/\/www.lab.eus\/es\/wp-json\/wp\/v2\/posts\/79915\/revisions"}],"predecessor-version":[{"id":79916,"href":"https:\/\/www.lab.eus\/es\/wp-json\/wp\/v2\/posts\/79915\/revisions\/79916"}],"wp:featuredmedia":[{"embeddable":true,"href":"https:\/\/www.lab.eus\/es\/wp-json\/wp\/v2\/media\/49698"}],"wp:attachment":[{"href":"https:\/\/www.lab.eus\/es\/wp-json\/wp\/v2\/media?parent=79915"}],"wp:term":[{"taxonomy":"category","embeddable":true,"href":"https:\/\/www.lab.eus\/es\/wp-json\/wp\/v2\/categories?post=79915"},{"taxonomy":"post_tag","embeddable":true,"href":"https:\/\/www.lab.eus\/es\/wp-json\/wp\/v2\/tags?post=79915"}],"curies":[{"name":"wp","href":"https:\/\/api.w.org\/{rel}","templated":true}]}}