{"id":79730,"date":"2025-04-09T08:06:41","date_gmt":"2025-04-09T08:06:41","guid":{"rendered":"https:\/\/www.lab.eus\/?p=79730"},"modified":"2025-04-09T08:10:31","modified_gmt":"2025-04-09T08:10:31","slug":"lab-interpone-una-demanda-contra-la-patronal-de-transporte-escolar-y-cuidadoras-de-patio-dependientes-del-departamento-de-educacion-del-gobierno-vasco-por-vulneracion-el-derecho-a-la-negociacion-colec","status":"publish","type":"post","link":"https:\/\/www.lab.eus\/es\/lab-interpone-una-demanda-contra-la-patronal-de-transporte-escolar-y-cuidadoras-de-patio-dependientes-del-departamento-de-educacion-del-gobierno-vasco-por-vulneracion-el-derecho-a-la-negociacion-colec\/","title":{"rendered":"LAB interpone una demanda contra la patronal de transporte escolar y cuidadoras de patio dependientes del Departamento de Educaci\u00f3n del Gobierno Vasco por vulneraci\u00f3n del derecho a la negociaci\u00f3n colectiva"},"content":{"rendered":"\n<p>El 23 de febrero del 2024 se constituy\u00f3 la mesa negociadora del convenio colectivo de transporte escolar y cuidadoras de patio dependientes del Departamento de Educaci\u00f3n, y la actitud de la patronal ha sido, en todo momento, la de no querer negociar.<\/p>\n\n\n\n<p>LAB denuncia la actitud explotadora que ha mostrado la empresa principal de la patronal, Centro Internacional de Idiomas (CIDI) en las 9 reuniones que se han mantenido. Adem\u00e1s, en la \u00faltima reuni\u00f3n, \u00e9sta ha decidido dejar la negociaci\u00f3n con arrogancia hasta que el Departamento de Educaci\u00f3n del Gobierno Vasco publique las licitaciones y \u00e9stas se adjudiquen, es decir, hasta que reciba dinero p\u00fablico.<\/p>\n\n\n\n<p>Una vez m\u00e1s, las personas afectadas son las cuidadoras del transporte escolar y del patio. En un sector feminizado con jornadas parciales y salarios muy precarios, es inaceptable la actitud de la patronal y el silencio c\u00f3mplice del Departamento de Educaci\u00f3n de Bego\u00f1a Pedrosa.<\/p>\n\n\n\n<p>LAB ha denunciado p\u00fablicamente en reiteradas ocasiones la situaci\u00f3n de bloqueo absoluto de la negociaci\u00f3n del convenio desde el inicio por parte de la patronal, y la postura del propio Departamento de Educaci\u00f3n del Gobierno Vasco en este conflicto. No hay que olvidar que el servicio de transporte escolar y cuidado de patio es un servicio p\u00fablico que se da en las escuelas p\u00fablicas de la CAV y que es gestionado con dinero p\u00fablico.<\/p>\n\n\n\n<p>Dicho esto, el sindicato LAB ha procedido a interponer una demanda contra la patronal del convenio de transporte escolar y cuidadoras de patio por la vulneraci\u00f3n a la negociaci\u00f3n colectiva. El sindicato LAB seguir\u00e1 moviliz\u00e1ndose como hasta ahora, porque la lucha es la mejor herramienta para mejorar las condiciones de vida y trabajo de las trabajadoras.<\/p>\n","protected":false},"excerpt":{"rendered":"<p>El 23 de febrero del 2024 se constituy\u00f3 la mesa negociadora del convenio colectivo de transporte escolar y cuidadoras de patio dependientes del Departamento de Educaci\u00f3n, y la actitud de la patronal ha sido, en todo momento, la de no querer negociar.<\/p>\n","protected":false},"author":1191,"featured_media":79728,"comment_status":"closed","ping_status":"closed","sticky":false,"template":"","format":"standard","meta":{"_monsterinsights_skip_tracking":false,"_monsterinsights_sitenote_active":false,"_monsterinsights_sitenote_note":"","_monsterinsights_sitenote_category":0,"footnotes":"","_links_to":"","_links_to_target":""},"categories":[18,2867,8],"tags":[3033,5187,3178,3066,3172,4058],"class_list":{"0":"post-79730","1":"post","2":"type-post","3":"status-publish","4":"format-standard","5":"has-post-thumbnail","7":"category-es-accion-sindical","8":"category-federaciones","9":"category-es-servicios-privados","10":"tag-accion-sindical-es","11":"tag-cuidadoras-de-patio","12":"tag-destacado-1","13":"tag-federaciones-es","14":"tag-servicios-privados-es","15":"tag-transporte-escolar"},"_links":{"self":[{"href":"https:\/\/www.lab.eus\/es\/wp-json\/wp\/v2\/posts\/79730","targetHints":{"allow":["GET"]}}],"collection":[{"href":"https:\/\/www.lab.eus\/es\/wp-json\/wp\/v2\/posts"}],"about":[{"href":"https:\/\/www.lab.eus\/es\/wp-json\/wp\/v2\/types\/post"}],"author":[{"embeddable":true,"href":"https:\/\/www.lab.eus\/es\/wp-json\/wp\/v2\/users\/1191"}],"replies":[{"embeddable":true,"href":"https:\/\/www.lab.eus\/es\/wp-json\/wp\/v2\/comments?post=79730"}],"version-history":[{"count":2,"href":"https:\/\/www.lab.eus\/es\/wp-json\/wp\/v2\/posts\/79730\/revisions"}],"predecessor-version":[{"id":79732,"href":"https:\/\/www.lab.eus\/es\/wp-json\/wp\/v2\/posts\/79730\/revisions\/79732"}],"wp:featuredmedia":[{"embeddable":true,"href":"https:\/\/www.lab.eus\/es\/wp-json\/wp\/v2\/media\/79728"}],"wp:attachment":[{"href":"https:\/\/www.lab.eus\/es\/wp-json\/wp\/v2\/media?parent=79730"}],"wp:term":[{"taxonomy":"category","embeddable":true,"href":"https:\/\/www.lab.eus\/es\/wp-json\/wp\/v2\/categories?post=79730"},{"taxonomy":"post_tag","embeddable":true,"href":"https:\/\/www.lab.eus\/es\/wp-json\/wp\/v2\/tags?post=79730"}],"curies":[{"name":"wp","href":"https:\/\/api.w.org\/{rel}","templated":true}]}}