{"id":79724,"date":"2025-04-09T07:32:43","date_gmt":"2025-04-09T07:32:43","guid":{"rendered":"https:\/\/www.lab.eus\/?p=79724"},"modified":"2025-04-09T07:32:46","modified_gmt":"2025-04-09T07:32:46","slug":"la-dinamica-mecaner-herriarentzat-ha-puesto-fin-a-su-andadura-con-la-presentacion-en-urduliz-del-informe-que-recoge-el-balance-y-las-ensenanzas-del-proceso","status":"publish","type":"post","link":"https:\/\/www.lab.eus\/es\/la-dinamica-mecaner-herriarentzat-ha-puesto-fin-a-su-andadura-con-la-presentacion-en-urduliz-del-informe-que-recoge-el-balance-y-las-ensenanzas-del-proceso\/","title":{"rendered":"La din\u00e1mica Mecaner Herriarentzat ha puesto fin a su andadura con la presentaci\u00f3n en Urduliz del informe que recoge el balance y las ense\u00f1anzas del proceso"},"content":{"rendered":"\n<p>Ayer Mecaner Herriarentzat present\u00f3 un informe con el balance y las ense\u00f1anzas de su trayectoria en la Casa de Cultura de Urduliz. El informe ha sido puesto a disposici\u00f3n de agentes ecologistas, sindicales, pol\u00edticos y sociales con el objetivo de dar un impulso a los nuevos procesos que vendr\u00e1n.<\/p>\n\n\n\n<p>La plataforma considera que el balance inevitablemente es agridulce, dado que Stellantis despidi\u00f3 a la plantilla y vendi\u00f3 las instalaciones. Sin embargo,<br>consideran que desarrollar la experiencia ha supuesto un avance, y que se pueden extraer algunos aprendizajes \u00fatiles para los conflictos futuros. La<br>utilizaci\u00f3n por primera vez en Euskal Herria de un plan de transici\u00f3n ecosocial ante un proceso de cierre ha sido una experiencia pionera. <\/p>\n\n\n\n<p>Se ha destacado la obligada convergencia entre crisis ecosocial y transformaci\u00f3n de la industria, la importancia de iniciar las discusiones antes de que estallen los conflictos, la necesidad de lograr la m\u00e1xima participaci\u00f3n de las plantillas y la urgencia de alcanzar unos acuerdos de m\u00ednimos entre diferentes agentes sociales. Tambi\u00e9n se ha se\u00f1alado que el aspecto m\u00e1s importante de un plan de transici\u00f3n ecosocial es que sea una herramienta \u00fatil para fortalecer la movilizaci\u00f3n. <\/p>\n\n\n\n<p>Se ha descrito la importancia de contar con el apoyo de las instituciones municipales, y el bloqueo que supuso el rechazo del Gobierno Vasco. Desde la plataforma concluyen se ha puesto de manifiesto que la realizaci\u00f3n de estos procesos con el protagonismo de las y los trabajadores y agentes ecologistas y el liderazgo p\u00fablico es la \u00fanica garant\u00eda para una transici\u00f3n justa y sostenible.<\/p>\n\n\n\n<p>Con la presentaci\u00f3n del informe, la plataforma ha puesto fin a su andadura.<\/p>\n\n\n\n<figure class=\"wp-block-gallery has-nested-images columns-default is-cropped wp-block-gallery-1 is-layout-flex wp-block-gallery-is-layout-flex\">\n<figure class=\"wp-block-image size-large\"><img loading=\"lazy\" decoding=\"async\" width=\"1024\" height=\"683\" data-id=\"79720\" src=\"https:\/\/www.lab.eus\/wp-content\/uploads\/2025\/04\/03-1024x683.jpeg\" alt=\"\" class=\"wp-image-79720\" srcset=\"https:\/\/www.lab.eus\/wp-content\/uploads\/2025\/04\/03-1024x683.jpeg 1024w, https:\/\/www.lab.eus\/wp-content\/uploads\/2025\/04\/03-300x200.jpeg 300w, https:\/\/www.lab.eus\/wp-content\/uploads\/2025\/04\/03-768x512.jpeg 768w, https:\/\/www.lab.eus\/wp-content\/uploads\/2025\/04\/03-1536x1024.jpeg 1536w, https:\/\/www.lab.eus\/wp-content\/uploads\/2025\/04\/03-630x420.jpeg 630w, https:\/\/www.lab.eus\/wp-content\/uploads\/2025\/04\/03-150x100.jpeg 150w, https:\/\/www.lab.eus\/wp-content\/uploads\/2025\/04\/03-696x464.jpeg 696w, https:\/\/www.lab.eus\/wp-content\/uploads\/2025\/04\/03-1068x712.jpeg 1068w, https:\/\/www.lab.eus\/wp-content\/uploads\/2025\/04\/03.jpeg 1599w\" sizes=\"auto, (max-width: 1024px) 100vw, 1024px\" \/><\/figure>\n\n\n\n<figure class=\"wp-block-image size-large\"><img loading=\"lazy\" decoding=\"async\" width=\"1024\" height=\"682\" data-id=\"79719\" src=\"https:\/\/www.lab.eus\/wp-content\/uploads\/2025\/04\/01-1-1024x682.jpg\" alt=\"\" class=\"wp-image-79719\" srcset=\"https:\/\/www.lab.eus\/wp-content\/uploads\/2025\/04\/01-1-1024x682.jpg 1024w, https:\/\/www.lab.eus\/wp-content\/uploads\/2025\/04\/01-1-300x200.jpg 300w, https:\/\/www.lab.eus\/wp-content\/uploads\/2025\/04\/01-1-768x512.jpg 768w, https:\/\/www.lab.eus\/wp-content\/uploads\/2025\/04\/01-1-630x420.jpg 630w, https:\/\/www.lab.eus\/wp-content\/uploads\/2025\/04\/01-1-150x100.jpg 150w, https:\/\/www.lab.eus\/wp-content\/uploads\/2025\/04\/01-1-696x464.jpg 696w, https:\/\/www.lab.eus\/wp-content\/uploads\/2025\/04\/01-1-1068x712.jpg 1068w, https:\/\/www.lab.eus\/wp-content\/uploads\/2025\/04\/01-1.jpg 1280w\" sizes=\"auto, (max-width: 1024px) 100vw, 1024px\" \/><\/figure>\n\n\n\n<figure class=\"wp-block-image size-large\"><img loading=\"lazy\" decoding=\"async\" width=\"1024\" height=\"682\" data-id=\"79716\" src=\"https:\/\/www.lab.eus\/wp-content\/uploads\/2025\/04\/02-1-1024x682.jpg\" alt=\"\" class=\"wp-image-79716\" srcset=\"https:\/\/www.lab.eus\/wp-content\/uploads\/2025\/04\/02-1-1024x682.jpg 1024w, https:\/\/www.lab.eus\/wp-content\/uploads\/2025\/04\/02-1-300x200.jpg 300w, https:\/\/www.lab.eus\/wp-content\/uploads\/2025\/04\/02-1-768x512.jpg 768w, https:\/\/www.lab.eus\/wp-content\/uploads\/2025\/04\/02-1-630x420.jpg 630w, https:\/\/www.lab.eus\/wp-content\/uploads\/2025\/04\/02-1-150x100.jpg 150w, https:\/\/www.lab.eus\/wp-content\/uploads\/2025\/04\/02-1-696x464.jpg 696w, https:\/\/www.lab.eus\/wp-content\/uploads\/2025\/04\/02-1-1068x712.jpg 1068w, https:\/\/www.lab.eus\/wp-content\/uploads\/2025\/04\/02-1.jpg 1280w\" sizes=\"auto, (max-width: 1024px) 100vw, 1024px\" \/><\/figure>\n<\/figure>\n","protected":false},"excerpt":{"rendered":"<p>Ayer Mecaner Herriarentzat present\u00f3 un informe con el balance y las ense\u00f1anzas de su trayectoria en la Casa de Cultura de Urduliz. El informe ha sido puesto a disposici\u00f3n de agentes ecologistas, sindicales, pol\u00edticos y sociales con el objetivo de dar un impulso a los nuevos procesos que vendr\u00e1n.<\/p>\n","protected":false},"author":1191,"featured_media":79722,"comment_status":"closed","ping_status":"closed","sticky":false,"template":"","format":"standard","meta":{"_monsterinsights_skip_tracking":false,"_monsterinsights_sitenote_active":false,"_monsterinsights_sitenote_note":"","_monsterinsights_sitenote_category":0,"footnotes":"","_links_to":"","_links_to_target":""},"categories":[18,2994,2867,2868,108],"tags":[3033,3182,3178,3066,2996,4806,3064],"class_list":{"0":"post-79724","1":"post","2":"type-post","3":"status-publish","4":"format-standard","5":"has-post-thumbnail","7":"category-es-accion-sindical","8":"category-accion-social","9":"category-federaciones","10":"category-industria-es","11":"category-es-metal","12":"tag-accion-sindical-es","13":"tag-accion-social-es","14":"tag-destacado-1","15":"tag-federaciones-es","16":"tag-industria-es","17":"tag-mecaner-herriarentzat","18":"tag-metal-es"},"_links":{"self":[{"href":"https:\/\/www.lab.eus\/es\/wp-json\/wp\/v2\/posts\/79724","targetHints":{"allow":["GET"]}}],"collection":[{"href":"https:\/\/www.lab.eus\/es\/wp-json\/wp\/v2\/posts"}],"about":[{"href":"https:\/\/www.lab.eus\/es\/wp-json\/wp\/v2\/types\/post"}],"author":[{"embeddable":true,"href":"https:\/\/www.lab.eus\/es\/wp-json\/wp\/v2\/users\/1191"}],"replies":[{"embeddable":true,"href":"https:\/\/www.lab.eus\/es\/wp-json\/wp\/v2\/comments?post=79724"}],"version-history":[{"count":1,"href":"https:\/\/www.lab.eus\/es\/wp-json\/wp\/v2\/posts\/79724\/revisions"}],"predecessor-version":[{"id":79725,"href":"https:\/\/www.lab.eus\/es\/wp-json\/wp\/v2\/posts\/79724\/revisions\/79725"}],"wp:featuredmedia":[{"embeddable":true,"href":"https:\/\/www.lab.eus\/es\/wp-json\/wp\/v2\/media\/79722"}],"wp:attachment":[{"href":"https:\/\/www.lab.eus\/es\/wp-json\/wp\/v2\/media?parent=79724"}],"wp:term":[{"taxonomy":"category","embeddable":true,"href":"https:\/\/www.lab.eus\/es\/wp-json\/wp\/v2\/categories?post=79724"},{"taxonomy":"post_tag","embeddable":true,"href":"https:\/\/www.lab.eus\/es\/wp-json\/wp\/v2\/tags?post=79724"}],"curies":[{"name":"wp","href":"https:\/\/api.w.org\/{rel}","templated":true}]}}