{"id":79641,"date":"2025-04-07T14:31:53","date_gmt":"2025-04-07T14:31:53","guid":{"rendered":"https:\/\/www.lab.eus\/?p=79641"},"modified":"2025-04-07T14:31:55","modified_gmt":"2025-04-07T14:31:55","slug":"lab-reclama-libertad-sindical-en-tuvisa","status":"publish","type":"post","link":"https:\/\/www.lab.eus\/es\/lab-reclama-libertad-sindical-en-tuvisa\/","title":{"rendered":"LAB reclama libertad sindical en TUVISA"},"content":{"rendered":"\n<p>Se movilizar\u00e1 el viernes, 11 de abril, en Gasteiz, ante TUVISA (Agirrelanda, 2), a las 10:30.<\/p>\n\n\n\n<p>El pasado mes de marzo, el Juzgado de lo Social n\u00ba 3 de Gasteiz fall\u00f3 de manera tajante a favor del sindicato LAB, reconociendo que TUVISA hab\u00eda actuado de forma ilegal al negar la existencia de su secci\u00f3n sindical y retirar a una integrante del sindicato su condici\u00f3n de delegada sindical. La sentencia es clara: existe vulneraci\u00f3n de derecho y TUVISA fue condenada por ello.<\/p>\n\n\n\n<p>Pero en lugar de aceptar la sentencia, actuar con responsabilidad y poner fin a su actitud represiva, TUVISA ha decidido recurrir. Esta decisi\u00f3n pone de manifiesto el absoluto desprecio que la direcci\u00f3n de la empresa tiene hacia los derechos laborales y sindicales de la plantilla. Quieren alargar el conflicto, desgastar a quienes defienden los derechos de la plantilla y seguir vulnerando impunemente la libertad sindical.<\/p>\n\n\n\n<p>LAB quiere subrayar que no est\u00e1 hablando de cualquier multinacional privada, sino de una empresa dependiente del Ayuntamiento de Gasteiz. Por lo tanto, mientras siga permiti\u00e9ndolo, ampar\u00e1ndolo y aval\u00e1ndolo, es responsable de esta pol\u00edtica antisindical. LAB entiende que esto es grav\u00edsimo e inaceptable. \u00bfHasta cu\u00e1ndo va a seguir el Ayuntamiento permitiendo que en TUVISA se pisoteen los derechos de los y las trabajadoras?<\/p>\n\n\n\n<p>Desde LAB tienen claro que seguir\u00e1n luchando en los juzgados, en la empresa y en las calles. Les han intentado callar, les han intentado apartar, han intentado invisibilizar su secci\u00f3n sindical\u2026 pero ni lo han conseguido ni lo van a conseguir. Les sobran razones y dignidad para seguir adelante.<\/p>\n","protected":false},"excerpt":{"rendered":"<p>Se movilizar\u00e1 el viernes, 11 de abril, en Gasteiz, ante TUVISA (Agirrelanda, 2), a las 10:30.<\/p>\n","protected":false},"author":1191,"featured_media":79639,"comment_status":"closed","ping_status":"closed","sticky":false,"template":"","format":"standard","meta":{"_monsterinsights_skip_tracking":false,"_monsterinsights_sitenote_active":false,"_monsterinsights_sitenote_note":"","_monsterinsights_sitenote_category":0,"footnotes":"","_links_to":"","_links_to_target":""},"categories":[18,2867,6,3120],"tags":[3033,3178,3066,3171,3618,4423],"class_list":{"0":"post-79641","1":"post","2":"type-post","3":"status-publish","4":"format-standard","5":"has-post-thumbnail","7":"category-es-accion-sindical","8":"category-federaciones","9":"category-es-servicios-publicos","10":"category-transporte","11":"tag-accion-sindical-es","12":"tag-destacado-1","13":"tag-federaciones-es","14":"tag-servicios-publicos-es","15":"tag-transporte","16":"tag-tuvisa"},"_links":{"self":[{"href":"https:\/\/www.lab.eus\/es\/wp-json\/wp\/v2\/posts\/79641","targetHints":{"allow":["GET"]}}],"collection":[{"href":"https:\/\/www.lab.eus\/es\/wp-json\/wp\/v2\/posts"}],"about":[{"href":"https:\/\/www.lab.eus\/es\/wp-json\/wp\/v2\/types\/post"}],"author":[{"embeddable":true,"href":"https:\/\/www.lab.eus\/es\/wp-json\/wp\/v2\/users\/1191"}],"replies":[{"embeddable":true,"href":"https:\/\/www.lab.eus\/es\/wp-json\/wp\/v2\/comments?post=79641"}],"version-history":[{"count":1,"href":"https:\/\/www.lab.eus\/es\/wp-json\/wp\/v2\/posts\/79641\/revisions"}],"predecessor-version":[{"id":79642,"href":"https:\/\/www.lab.eus\/es\/wp-json\/wp\/v2\/posts\/79641\/revisions\/79642"}],"wp:featuredmedia":[{"embeddable":true,"href":"https:\/\/www.lab.eus\/es\/wp-json\/wp\/v2\/media\/79639"}],"wp:attachment":[{"href":"https:\/\/www.lab.eus\/es\/wp-json\/wp\/v2\/media?parent=79641"}],"wp:term":[{"taxonomy":"category","embeddable":true,"href":"https:\/\/www.lab.eus\/es\/wp-json\/wp\/v2\/categories?post=79641"},{"taxonomy":"post_tag","embeddable":true,"href":"https:\/\/www.lab.eus\/es\/wp-json\/wp\/v2\/tags?post=79641"}],"curies":[{"name":"wp","href":"https:\/\/api.w.org\/{rel}","templated":true}]}}