{"id":79480,"date":"2025-04-03T10:55:44","date_gmt":"2025-04-03T10:55:44","guid":{"rendered":"https:\/\/www.lab.eus\/?p=79480"},"modified":"2025-04-03T10:57:07","modified_gmt":"2025-04-03T10:57:07","slug":"la-mayoria-sindical-denuncia-ante-la-sede-de-confebask-su-actitud-autoritaria-con-el-salario-minimo","status":"publish","type":"post","link":"https:\/\/www.lab.eus\/es\/la-mayoria-sindical-denuncia-ante-la-sede-de-confebask-su-actitud-autoritaria-con-el-salario-minimo\/","title":{"rendered":"La mayor\u00eda sindical denuncia ante la sede de Confebask su actitud autoritaria con el salario m\u00ednimo"},"content":{"rendered":"\n<p>Despu\u00e9s de que los sindicatos LAB, ELA, ESK, STEILAS, ETXALDE e HIRU se\u00f1alaran que estaban dispuestos a acordar un salario m\u00ednimo de 1.500 euros Confebask se neg\u00f3 a reunirse con los sindicatos mostrando as\u00ed de forma clara su car\u00e1cter reaccionario. Con la concentraci\u00f3n de hoy y con las manifestaciones convocadas el s\u00e1bado con las y los pensionistas, los sindicatos han dadop inicio a un ciclo de movilizaciones a favor de un salario m\u00ednimo propio.<\/p>\n\n\n\n<p>Todos los sindicatos que integran la mayor\u00eda sindical hicieron un esfuerzo notable para consensuar una reivindicaci\u00f3n del salario m\u00ednimo y recoger con pragmatismo una cantidad que se pod\u00eda pactar con la patronal. La reivindicaci\u00f3n consensuada, un salario m\u00ednimo de 1.500 euros al mes, afectar\u00eda a unos 140.000 trabajadores y trabajadoras en la CAV. El salario m\u00ednimo indicado afectar\u00eda especialmente a las mujeres que trabajan en el sector servicios, a las personas migradas, a las personas con diversidad funcional y a las y los j\u00f3venes, casi todas ellas con convenio colectivo estatal o sin convenio actualizado alguno. La patronal se neg\u00f3 incluso a hablar de esta reivindicaci\u00f3n y dej\u00f3 claro que apuesta por un modelo econ\u00f3mico basado en la explotaci\u00f3n de los y las trabajadores, para lo que le es muy \u00fatil el marco de relaciones laborales de Espa\u00f1a.<\/p>\n\n\n\n<p>Los sindicatos no aceptar\u00e1n que patronal tenga capacidad de veto para fijar un salario m\u00ednimo. Por un lado, mediante movilizaciones van a ejercer una presi\u00f3n creciente sobre la patronal. En esta direcci\u00f3n, la muestra de esta movilizaci\u00f3n ser\u00e1n las miles de firmas que recoger\u00e1n en los pr\u00f3ximos meses a favor de un salario m\u00ednimo propio para que se apruebe la Iniciativa Legislativa Popular tramitada en el Parlamento Vasco.<\/p>\n\n\n\n<p>Por otro lado, hacen un llamamiento a partidos pol\u00edticos e instituciones para que hagan frente a Confebask. La patronal no puede monopolizar la pol\u00edtica salarial y, para ello, ser\u00e1 imprescindible la iniciativa pol\u00edtica. Este es el mensaje que trasladaron al Lehendakari Pradales en la tarde de ayer, le exigieron que defienda que se decida aqu\u00ed un salario m\u00ednimo digno, adem\u00e1s de interpelar a la patronal, apoyando la Iniciativa Legislativa Popular puesta en marcha por los sindicatos.<\/p>\n\n\n\n<p>Con la denuncia realizada ante CONFEBASK, LAB, ELA, ESK, STEILAS, ETXALDE e HIRU han iniciado un nuevo ciclo de movilizaciones. Los sindicatos hacen un llamamiento a su militancia para que, el pr\u00f3ximo s\u00e1bado, se sume a las manifestaciones convocadas junto a las y los pensionistas y, en consecuencia, llene las calles de Hego Euskal Herria en defensa de una pensi\u00f3n m\u00ednima y un salario propio.<\/p>\n\n\n\n<figure class=\"wp-block-gallery has-nested-images columns-default is-cropped wp-block-gallery-1 is-layout-flex wp-block-gallery-is-layout-flex\">\n<figure class=\"wp-block-image size-large\"><img loading=\"lazy\" decoding=\"async\" width=\"1024\" height=\"682\" data-id=\"79476\" src=\"https:\/\/www.lab.eus\/wp-content\/uploads\/2025\/04\/04-1024x682.jpg\" alt=\"\" class=\"wp-image-79476\" srcset=\"https:\/\/www.lab.eus\/wp-content\/uploads\/2025\/04\/04-1024x682.jpg 1024w, https:\/\/www.lab.eus\/wp-content\/uploads\/2025\/04\/04-300x200.jpg 300w, https:\/\/www.lab.eus\/wp-content\/uploads\/2025\/04\/04-768x512.jpg 768w, https:\/\/www.lab.eus\/wp-content\/uploads\/2025\/04\/04-630x420.jpg 630w, https:\/\/www.lab.eus\/wp-content\/uploads\/2025\/04\/04-150x100.jpg 150w, https:\/\/www.lab.eus\/wp-content\/uploads\/2025\/04\/04-696x464.jpg 696w, https:\/\/www.lab.eus\/wp-content\/uploads\/2025\/04\/04-1068x712.jpg 1068w, https:\/\/www.lab.eus\/wp-content\/uploads\/2025\/04\/04.jpg 1280w\" sizes=\"auto, (max-width: 1024px) 100vw, 1024px\" \/><\/figure>\n\n\n\n<figure class=\"wp-block-image size-large\"><img loading=\"lazy\" decoding=\"async\" width=\"1280\" height=\"853\" data-id=\"79475\" src=\"https:\/\/www.lab.eus\/wp-content\/uploads\/2025\/04\/2-1024x682.jpg\" alt=\"\" class=\"wp-image-79475\" srcset=\"https:\/\/www.lab.eus\/wp-content\/uploads\/2025\/04\/2-1024x682.jpg 1024w, https:\/\/www.lab.eus\/wp-content\/uploads\/2025\/04\/2-300x200.jpg 300w, https:\/\/www.lab.eus\/wp-content\/uploads\/2025\/04\/2-768x512.jpg 768w, https:\/\/www.lab.eus\/wp-content\/uploads\/2025\/04\/2-630x420.jpg 630w, https:\/\/www.lab.eus\/wp-content\/uploads\/2025\/04\/2-150x100.jpg 150w, https:\/\/www.lab.eus\/wp-content\/uploads\/2025\/04\/2-696x464.jpg 696w, https:\/\/www.lab.eus\/wp-content\/uploads\/2025\/04\/2-1068x712.jpg 1068w, https:\/\/www.lab.eus\/wp-content\/uploads\/2025\/04\/2.jpg 1280w\" sizes=\"auto, (max-width: 1280px) 100vw, 1280px\" \/><\/figure>\n\n\n\n<figure class=\"wp-block-image size-large\"><img loading=\"lazy\" decoding=\"async\" width=\"1024\" height=\"682\" data-id=\"79472\" src=\"https:\/\/www.lab.eus\/wp-content\/uploads\/2025\/04\/03-1024x682.jpg\" alt=\"\" class=\"wp-image-79472\" srcset=\"https:\/\/www.lab.eus\/wp-content\/uploads\/2025\/04\/03-1024x682.jpg 1024w, https:\/\/www.lab.eus\/wp-content\/uploads\/2025\/04\/03-300x200.jpg 300w, https:\/\/www.lab.eus\/wp-content\/uploads\/2025\/04\/03-768x512.jpg 768w, https:\/\/www.lab.eus\/wp-content\/uploads\/2025\/04\/03-630x420.jpg 630w, https:\/\/www.lab.eus\/wp-content\/uploads\/2025\/04\/03-150x100.jpg 150w, https:\/\/www.lab.eus\/wp-content\/uploads\/2025\/04\/03-696x464.jpg 696w, https:\/\/www.lab.eus\/wp-content\/uploads\/2025\/04\/03-1068x712.jpg 1068w, https:\/\/www.lab.eus\/wp-content\/uploads\/2025\/04\/03.jpg 1280w\" sizes=\"auto, (max-width: 1024px) 100vw, 1024px\" \/><\/figure>\n<\/figure>\n","protected":false},"excerpt":{"rendered":"<p>Despu\u00e9s de que los sindicatos LAB, ELA, ESK, STEILAS, ETXALDE e HIRU se\u00f1alaran que estaban dispuestos a acordar un salario m\u00ednimo de 1.500 euros CONFEBASK se neg\u00f3 a reunirse con los sindicatos mostrando as\u00ed de forma clara su car\u00e1cter reaccionario. Con la concentraci\u00f3n de hoy y con las manifestaciones convocadas el s\u00e1bado con las y los pensionistas, los sindicatos han dadop inicio a un ciclo de movilizaciones a favor de un salario m\u00ednimo propio.<\/p>\n","protected":false},"author":1191,"featured_media":79472,"comment_status":"closed","ping_status":"closed","sticky":false,"template":"","format":"standard","meta":{"_monsterinsights_skip_tracking":false,"_monsterinsights_sitenote_active":false,"_monsterinsights_sitenote_note":"","_monsterinsights_sitenote_category":0,"footnotes":"","_links_to":"","_links_to_target":""},"categories":[18],"tags":[3033,3279,3804],"class_list":{"0":"post-79480","1":"post","2":"type-post","3":"status-publish","4":"format-standard","5":"has-post-thumbnail","7":"category-es-accion-sindical","8":"tag-accion-sindical-es","9":"tag-portada-es","10":"tag-salario-minimo"},"_links":{"self":[{"href":"https:\/\/www.lab.eus\/es\/wp-json\/wp\/v2\/posts\/79480","targetHints":{"allow":["GET"]}}],"collection":[{"href":"https:\/\/www.lab.eus\/es\/wp-json\/wp\/v2\/posts"}],"about":[{"href":"https:\/\/www.lab.eus\/es\/wp-json\/wp\/v2\/types\/post"}],"author":[{"embeddable":true,"href":"https:\/\/www.lab.eus\/es\/wp-json\/wp\/v2\/users\/1191"}],"replies":[{"embeddable":true,"href":"https:\/\/www.lab.eus\/es\/wp-json\/wp\/v2\/comments?post=79480"}],"version-history":[{"count":2,"href":"https:\/\/www.lab.eus\/es\/wp-json\/wp\/v2\/posts\/79480\/revisions"}],"predecessor-version":[{"id":79482,"href":"https:\/\/www.lab.eus\/es\/wp-json\/wp\/v2\/posts\/79480\/revisions\/79482"}],"wp:featuredmedia":[{"embeddable":true,"href":"https:\/\/www.lab.eus\/es\/wp-json\/wp\/v2\/media\/79472"}],"wp:attachment":[{"href":"https:\/\/www.lab.eus\/es\/wp-json\/wp\/v2\/media?parent=79480"}],"wp:term":[{"taxonomy":"category","embeddable":true,"href":"https:\/\/www.lab.eus\/es\/wp-json\/wp\/v2\/categories?post=79480"},{"taxonomy":"post_tag","embeddable":true,"href":"https:\/\/www.lab.eus\/es\/wp-json\/wp\/v2\/tags?post=79480"}],"curies":[{"name":"wp","href":"https:\/\/api.w.org\/{rel}","templated":true}]}}