{"id":79323,"date":"2025-03-26T16:24:45","date_gmt":"2025-03-26T16:24:45","guid":{"rendered":"https:\/\/www.lab.eus\/?p=79323"},"modified":"2025-03-26T16:24:48","modified_gmt":"2025-03-26T16:24:48","slug":"seguimiento-casi-total-en-la-primera-jornada-de-huelga-indefinida-en-enviser-contrata-de-jardineria-del-ayuntamiento-de-gasteiz","status":"publish","type":"post","link":"https:\/\/www.lab.eus\/es\/seguimiento-casi-total-en-la-primera-jornada-de-huelga-indefinida-en-enviser-contrata-de-jardineria-del-ayuntamiento-de-gasteiz\/","title":{"rendered":"Seguimiento casi total en la primera jornada de huelga indefinida en Enviser, contrata de jardiner\u00eda del Ayuntamiento de Gasteiz"},"content":{"rendered":"\n<p>Esta ma\u00f1ana ha comenzado la huelga indefinida convocada por la totalidad del comit\u00e9 de empresa (compuesto por LAB, ELA y ESK) de Enviser, contrata del Ayuntamiento de Gasteiz dedicada al mantenimiento de parques y jardines y el anillo verde de la ciudad.<\/p>\n\n\n\n<p>En total, est\u00e1n llamados a la huelga 90 trabajadores y trabajadoras. El seguimiento de la huelga ha sido cercano al 90%, entrando a trabajar unicamente empleadas y empleados con una antig\u00fcedad en la empresa de dos semanas y media y personal responsable de la empresa. La actividad est\u00e1 totalmente paralizada.<\/p>\n\n\n\n<p>Sus condiciones de trabajo son absolutamente precarias, con salarios que apenas alcanzan el SMI y jornadas interminables. Cobran m\u00e1s de 10.000 \u20ac al a\u00f1o menos y realizan m\u00e1s de 100 horas al a\u00f1o de trabajo m\u00e1s que las y los empleados municipales que realizan el mismo trabajo.<\/p>\n\n\n\n<p>Esta situaci\u00f3n es consecuencia del sistema de subcontrataci\u00f3n fomentado por los diferentes gobiernos municipales, que enriquece a un fondo de inversi\u00f3n estadounidense, due\u00f1o de la empresa, a costa de la m\u00e1s absoluta precariedad de los y las trabajadoras.<\/p>\n\n\n\n<p>En los \u00faltimos meses, el comit\u00e9 de empresa, apoyado siempre por la asamblea de la plantilla, ha intentado activar la negociaci\u00f3n de un convenio propio que regule y mejore de manera sustancial sus condiciones de trabajo con la direcci\u00f3n de la empresa, que se ha negado a ello, realizando una \u00fanica reuni\u00f3n este lunes, de apenas una hora, donde pidi\u00f3 al comit\u00e9 retirar la huelga a cambio de acordar un calendario de reuniones, sin poner ning\u00fan contenido de mejora laboral encima de la mesa. Una aut\u00e9ntica tomadura de pelo tras cerca de dos a\u00f1os sin dar respuesta a las leg\u00edtimas reivindicaciones de la plantilla.<\/p>\n\n\n\n<p>Hace dos semanas, la Concejala delegada del Departamento de Espacio P\u00fablico y Barrios, Beatriz Artolazabal, se comprometi\u00f3 a mediar entre la contrata Enviser y la plantilla en la Comisi\u00f3n de Espacio P\u00fablico tras la intervenci\u00f3n de miembros del comit\u00e9 de empresa. Hoy, dos semanas despu\u00e9s, la plantilla se ha concentrado mientras se celebraba una nueva reuni\u00f3n de la Comisi\u00f3n, ante la inacci\u00f3n del gobierno y de la concejala delegada.<\/p>\n\n\n\n<p>Los sindicatos LAB, ELA y ESK, adem\u00e1s, denunciamos la inaceptable actitud de la Polic\u00eda Municipal durante la concentraci\u00f3n realizada esta ma\u00f1ana en el exterior de la empresa, donde han agredido f\u00edsicamente a quienes reivindicaban condiciones laborales dignas. Si mandar a la Polic\u00eda Municipal a agredir a las personas huelguistas es la soluci\u00f3n del Ayuntamiento al conflicto, no tendremos m\u00e1s remedio que se\u00f1alar p\u00fablicamente a los responsables de tan grave manera de proceder.<\/p>\n\n\n\n<p>En una multitudinaria asamblea celebrada ayer a la tarde, la plantilla acord\u00f3 un amplio calendario de movilizaciones con las que visualizar\u00e1n su inaceptable situaci\u00f3n laboral ante la empresa y el Ayuntamiento, principal responsable de la situaci\u00f3n actual, y no parar\u00e1n hasta lograr un convenio propio que garantice una importante mejora de sus condiciones laborales.<\/p>\n","protected":false},"excerpt":{"rendered":"<p>Esta ma\u00f1ana ha comenzado la huelga indefinida convocada por la totalidad del comit\u00e9 de empresa (compuesto por LAB, ELA y ESK) de Enviser, contrata del Ayuntamiento de Gasteiz dedicada al mantenimiento de parques y jardines y el anillo verde de la ciudad.<\/p>\n","protected":false},"author":1191,"featured_media":79321,"comment_status":"closed","ping_status":"closed","sticky":false,"template":"","format":"standard","meta":{"_monsterinsights_skip_tracking":false,"_monsterinsights_sitenote_active":false,"_monsterinsights_sitenote_note":"","_monsterinsights_sitenote_category":0,"footnotes":"","_links_to":"","_links_to_target":""},"categories":[18,2867,2954,8],"tags":[3033,3178,3313,3066,4128,3172],"class_list":{"0":"post-79323","1":"post","2":"type-post","3":"status-publish","4":"format-standard","5":"has-post-thumbnail","7":"category-es-accion-sindical","8":"category-federaciones","9":"category-jardineria","10":"category-es-servicios-privados","11":"tag-accion-sindical-es","12":"tag-destacado-1","13":"tag-enviser","14":"tag-federaciones-es","15":"tag-jardineria","16":"tag-servicios-privados-es"},"_links":{"self":[{"href":"https:\/\/www.lab.eus\/es\/wp-json\/wp\/v2\/posts\/79323","targetHints":{"allow":["GET"]}}],"collection":[{"href":"https:\/\/www.lab.eus\/es\/wp-json\/wp\/v2\/posts"}],"about":[{"href":"https:\/\/www.lab.eus\/es\/wp-json\/wp\/v2\/types\/post"}],"author":[{"embeddable":true,"href":"https:\/\/www.lab.eus\/es\/wp-json\/wp\/v2\/users\/1191"}],"replies":[{"embeddable":true,"href":"https:\/\/www.lab.eus\/es\/wp-json\/wp\/v2\/comments?post=79323"}],"version-history":[{"count":1,"href":"https:\/\/www.lab.eus\/es\/wp-json\/wp\/v2\/posts\/79323\/revisions"}],"predecessor-version":[{"id":79324,"href":"https:\/\/www.lab.eus\/es\/wp-json\/wp\/v2\/posts\/79323\/revisions\/79324"}],"wp:featuredmedia":[{"embeddable":true,"href":"https:\/\/www.lab.eus\/es\/wp-json\/wp\/v2\/media\/79321"}],"wp:attachment":[{"href":"https:\/\/www.lab.eus\/es\/wp-json\/wp\/v2\/media?parent=79323"}],"wp:term":[{"taxonomy":"category","embeddable":true,"href":"https:\/\/www.lab.eus\/es\/wp-json\/wp\/v2\/categories?post=79323"},{"taxonomy":"post_tag","embeddable":true,"href":"https:\/\/www.lab.eus\/es\/wp-json\/wp\/v2\/tags?post=79323"}],"curies":[{"name":"wp","href":"https:\/\/api.w.org\/{rel}","templated":true}]}}