{"id":79240,"date":"2025-03-21T12:46:35","date_gmt":"2025-03-21T12:46:35","guid":{"rendered":"https:\/\/www.lab.eus\/?p=79240"},"modified":"2025-03-21T12:46:38","modified_gmt":"2025-03-21T12:46:38","slug":"lab-aboga-por-pasar-a-la-accion-en-sunsundegui","status":"publish","type":"post","link":"https:\/\/www.lab.eus\/es\/lab-aboga-por-pasar-a-la-accion-en-sunsundegui\/","title":{"rendered":"LAB aboga por pasar a la acci\u00f3n en Sunsundegui"},"content":{"rendered":"\n<p>En estos momentos est\u00e1n en juego mas de 300 puestos de trabajo en Alsasua. En un sector que parece estrat\u00e9gico a futuro, con un producto que tiene mercado. Cuando se van a cumplir 4 meses desde que Sunsundegui entrara en concurso de acreedores voluntario el 5 de noviembre, se han ido quemando etapas y los plazos legales establecidos sin que se hayan concretado ninguna de las alternativas en forma de inversor con las que se ha especulado.<\/p>\n\n\n\n<p>Este 22 de marzo se cumplen los dos meses, mas un mes de prorroga que tenia la administraci\u00f3n concursal para presentar su informe, en el que establecer\u00e1 cual es la situaci\u00f3n de Sunsundegui y que consideraciones hace hacia la viabilidad de la planta. Empezaremos a ver por tanto, si es posible un convenio con los acreedores para la continuaci\u00f3n de la sociedad o la liquidaci\u00f3n de la compa\u00f1\u00eda. Es decir, de no existir oferta que abogue por la continuidad de la compa\u00f1\u00eda nos veremos abocados en breve a una liquidaci\u00f3n que a nadie interesa.<\/p>\n\n\n\n<p>Esta situaci\u00f3n ya la vivimos en INASA donde la venta de la maquinaria en fase de la liquidaci\u00f3n impidi\u00f3 fructificara un proyecto industrial existente para la planta de Irurtzun. Desde LAB no permitiremos que esto vuelva a ocurrir.<\/p>\n\n\n\n<p>Es por tanto momento de apremiar a las partes implicadas, para estirar al m\u00e1ximo los plazos legales existentes y posibilitar fructifique alguna alternativa en la planta de Altasu.<\/p>\n\n\n\n<p>Hoy en d\u00eda nos consta la existencia de inter\u00e9s por parte un inversor tal y como lo hizo publico el gobierno de Navarra mediante su consejero Mikel Irujo. Debemos de aclarar que desde el gobierno se nos ha estado informando de estas situaciones. Sabemos que ademas de hacer frente a la situaci\u00f3n de la empresa es necesaria liquidez, nos consta que se esta trabajando para obtener la financiaci\u00f3n necesaria. Aun y todo echamos echamos de menos que ha d\u00eda de hoy no se haya conformado una mesa donde Administraci\u00f3n concursal sindicatos y gobierno estemos sentados para defender el inter\u00e9s com\u00fan.<\/p>\n\n\n\n<p>Desde LAB creemos que es momento de poner la carne en el asador antes de que sea demasiado tarde y para ello necesitamos que se alarguen los plazos existentes y se aborden las soluciones entre todas las partes implicadas.<\/p>\n\n\n\n<p>Desde LAB, en pleno ejercicio de responsabilidad llamaremos a la plantilla de Sunsundegui y a la sociedad Navarra a no permitir esto acabe en la liquidaci\u00f3n de la planta de Altsasu. Del mismo modo queremos pedir el mismo ejercicio de responsabilidad al resto de sindicatos que conforman el comit\u00e9 de empresa.<\/p>\n\n\n\n<p>La pr\u00f3xima semana llamaremos asambleas en la empresa para definir las acciones a llevar a cabo.<\/p>\n","protected":false},"excerpt":{"rendered":"<p>En estos momentos est\u00e1n en juego mas de 300 puestos de trabajo en Alsasua. En un sector que parece estrat\u00e9gico a futuro, con un producto que tiene mercado. Cuando se van a cumplir 4 meses desde que Sunsundegui entrara en concurso de acreedores voluntario el 5 de noviembre, se han ido quemando etapas y los [&hellip;]<\/p>\n","protected":false},"author":1191,"featured_media":77907,"comment_status":"closed","ping_status":"closed","sticky":false,"template":"","format":"standard","meta":{"_monsterinsights_skip_tracking":false,"_monsterinsights_sitenote_active":false,"_monsterinsights_sitenote_note":"","_monsterinsights_sitenote_category":0,"footnotes":"","_links_to":"","_links_to_target":""},"categories":[18,2867,2868],"tags":[3033,3178,2996],"class_list":{"0":"post-79240","1":"post","2":"type-post","3":"status-publish","4":"format-standard","5":"has-post-thumbnail","7":"category-es-accion-sindical","8":"category-federaciones","9":"category-industria-es","10":"tag-accion-sindical-es","11":"tag-destacado-1","12":"tag-industria-es"},"_links":{"self":[{"href":"https:\/\/www.lab.eus\/es\/wp-json\/wp\/v2\/posts\/79240","targetHints":{"allow":["GET"]}}],"collection":[{"href":"https:\/\/www.lab.eus\/es\/wp-json\/wp\/v2\/posts"}],"about":[{"href":"https:\/\/www.lab.eus\/es\/wp-json\/wp\/v2\/types\/post"}],"author":[{"embeddable":true,"href":"https:\/\/www.lab.eus\/es\/wp-json\/wp\/v2\/users\/1191"}],"replies":[{"embeddable":true,"href":"https:\/\/www.lab.eus\/es\/wp-json\/wp\/v2\/comments?post=79240"}],"version-history":[{"count":1,"href":"https:\/\/www.lab.eus\/es\/wp-json\/wp\/v2\/posts\/79240\/revisions"}],"predecessor-version":[{"id":79241,"href":"https:\/\/www.lab.eus\/es\/wp-json\/wp\/v2\/posts\/79240\/revisions\/79241"}],"wp:featuredmedia":[{"embeddable":true,"href":"https:\/\/www.lab.eus\/es\/wp-json\/wp\/v2\/media\/77907"}],"wp:attachment":[{"href":"https:\/\/www.lab.eus\/es\/wp-json\/wp\/v2\/media?parent=79240"}],"wp:term":[{"taxonomy":"category","embeddable":true,"href":"https:\/\/www.lab.eus\/es\/wp-json\/wp\/v2\/categories?post=79240"},{"taxonomy":"post_tag","embeddable":true,"href":"https:\/\/www.lab.eus\/es\/wp-json\/wp\/v2\/tags?post=79240"}],"curies":[{"name":"wp","href":"https:\/\/api.w.org\/{rel}","templated":true}]}}