{"id":79119,"date":"2025-03-19T10:33:37","date_gmt":"2025-03-19T10:33:37","guid":{"rendered":"https:\/\/www.lab.eus\/?p=79119"},"modified":"2025-03-19T10:33:40","modified_gmt":"2025-03-19T10:33:40","slug":"lab-exige-al-gobierno-vasco-que-refuerce-la-universidad-publica-aportando-la-inversion-necesaria","status":"publish","type":"post","link":"https:\/\/www.lab.eus\/es\/lab-exige-al-gobierno-vasco-que-refuerce-la-universidad-publica-aportando-la-inversion-necesaria\/","title":{"rendered":"LAB exige al Gobierno Vasco que refuerce la universidad p\u00fablica aportando la inversi\u00f3n necesaria"},"content":{"rendered":"\n<p>LAB ha realizado una concentraci\u00f3n en Gasteiz, ante la sede del Gobierno Vasco, para denunciar la infrafinanciaci\u00f3n que sufre la UPV\/EHU y para exigir al consejero de Ciencia, Universidades e Innovaci\u00f3n que refuerce la universidad p\u00fablica.<\/p>\n\n\n\n<p>Aunque no todos los problemas de la UPV\/EHU tienen base econ\u00f3mica, muchas de las situaciones a las que tenemos que hacer frente tienen mucho que ver con la financiaci\u00f3n:<\/p>\n\n\n\n<p>&#8211; El personal docente a tiempo parcial de la UPV\/EHU percibe salarios de miseria. El profesorado sustituto que imparte hasta un m\u00e1ximo del 75% de los cr\u00e9ditos de un o una docente a tiempo completo, apenas supera los 800 euros al mes, ya que algunas de las actividades imprescindibles que realizan no se les pagan. Esta situaci\u00f3n es, en gran medida, responsabilidad del Gobierno Vasco, ya que est\u00e1 en su mano modificar el Decreto 41\/2008.<\/p>\n\n\n\n<p>&#8211; Los y las trabajadoras de la UPV\/EHU no hemos recuperado el poder adquisitivo perdido hace una d\u00e9cada y media, ya que los incrementos salariales de los \u00faltimos a\u00f1os han sido escasos.<\/p>\n\n\n\n<p>&#8211; El importe de los complementos retributivos instaurados en 2006 para complementar los bajos salarios llevan congelados desde ese a\u00f1o.<\/p>\n\n\n\n<p>&#8211; Muchos miembros del personal docente e investigador, una vez conseguida la acreditaci\u00f3n para promocionar a la siguiente categor\u00eda, se ven obligadas y obligados a esperar varios a\u00f1os para promocionar. Las razones econ\u00f3micas tambi\u00e9n est\u00e1n detr\u00e1s de esta demora.<\/p>\n\n\n\n<p>-La plantilla de la UPV\/EHU no es suficiente para responder adecuadamente a las necesidades de la sociedad. De hecho, en numerosos departamentos y servicios los y las trabajadoras tienen una carga de trabajo excesiva. En este sentido, es necesario aumentar la ratio del Personal T\u00e9cnico, de Gesti\u00f3n y de Administraci\u00f3n y Servicios (PTGAS) \/ Personal Docente e Investigador (PDI).<\/p>\n\n\n\n<p>-Muchos edificios necesitan reparaciones. Las goteras, las instalaciones y mobiliario deteriorado\u2026 son cada vez m\u00e1s frecuentes.<\/p>\n\n\n\n<p>&#8211; \u2026<\/p>\n\n\n\n<p>La universidad p\u00fablica necesita una mayor financiaci\u00f3n para dar respuesta a las necesidades de la sociedad, para formar a las y los profesionales del futuro inmediato y del lejano, para investigar en todos los \u00e1mbitos y para promover el pensamiento y el debate, necesarios para avanzar como sociedad. Sin embargo, el Gobierno Vasco no responde suficientemente a esa necesidad, no cumple con su obligaci\u00f3n de cara a la sociedad vasca. Tenemos un claro ejemplo en su actitud frente a lo que la LOSU establece en relaci\u00f3n a la financiaci\u00f3n de las universidades p\u00fablicas. La financiaci\u00f3n de la UPV\/EHU est\u00e1 todav\u00eda muy lejos del 1% del PIB que marca la LOSU para 2030, superando apenas el 0,4% del PIB de la CAV. Tampoco se sabe nada sobre la comisi\u00f3n para definir el plan para lograr ese incremento del gasto p\u00fablico, la cual, deber\u00eda estar creada desde hace un a\u00f1o, tal y como establece la propia LOSU. Adem\u00e1s, percibimos en el consejero un intento por crear una confusi\u00f3n interesada en relaci\u00f3n a este tema: por un lado, al intentar restar responsabilidad al Gobierno Vasco en ese incremento de financiaci\u00f3n; por otro, al mezclar la financiaci\u00f3n destinada a la universidad p\u00fablica con la financiaci\u00f3n que el Gobierno Vasco destina a las universidades privadas. As\u00ed, cuando afirm\u00f3 que se destina alrededor del 0,6% del PIB a educaci\u00f3n universitaria estaba incluyendo a todas las universidades del sistema universitario vasco, si bien la LOSU recoge expresamente que el 1% del PIB est\u00e1 referido a las universidades p\u00fablicas.<\/p>\n\n\n\n<p>Al mismo tiempo, cada vez se canaliza m\u00e1s dinero y facilidades a las universidades privadas (el \u00faltimo ejemplo lo tenemos en las universidades elitistas EDA drinks &amp; wines, Gastronomy Open Ecosystem y Euneiz).<\/p>\n\n\n\n<p>Es hora de que el Gobierno Vasco deje de lado una direcci\u00f3n que infravalora la universidad p\u00fablica, ejerza sus competencias para mejorar la universidad p\u00fablica y garantice la financiaci\u00f3n p\u00fablica que necesita la UPV\/EHU. Con ello, se deben garantizar unas condiciones de trabajo dignas para todas y todos, y dar soluci\u00f3n a tantos problemas que sufre la universidad, con vistas a reforzar una universidad al servicio de la sociedad.<\/p>\n","protected":false},"excerpt":{"rendered":"<p>LAB ha realizado una concentraci\u00f3n en Gasteiz, ante la sede del Gobierno Vasco, para denunciar la infrafinanciaci\u00f3n que sufre la UPV\/EHU y para exigir al consejero de Ciencia, Universidades e Innovaci\u00f3n que refuerce la universidad p\u00fablica.<\/p>\n","protected":false},"author":1191,"featured_media":79117,"comment_status":"closed","ping_status":"closed","sticky":false,"template":"","format":"standard","meta":{"_monsterinsights_skip_tracking":false,"_monsterinsights_sitenote_active":false,"_monsterinsights_sitenote_note":"","_monsterinsights_sitenote_category":0,"footnotes":"","_links_to":"","_links_to_target":""},"categories":[18,33,2867,6,3059],"tags":[3033,3178,5210,3194,3066,3171,2542],"class_list":{"0":"post-79119","1":"post","2":"type-post","3":"status-publish","4":"format-standard","5":"has-post-thumbnail","7":"category-es-accion-sindical","8":"category-es-ensenanza","9":"category-federaciones","10":"category-es-servicios-publicos","11":"category-universidad","12":"tag-accion-sindical-es","13":"tag-destacado-1","14":"tag-ehu-upv-2","15":"tag-ensenanza-es","16":"tag-federaciones-es","17":"tag-servicios-publicos-es","18":"tag-upv"},"_links":{"self":[{"href":"https:\/\/www.lab.eus\/es\/wp-json\/wp\/v2\/posts\/79119","targetHints":{"allow":["GET"]}}],"collection":[{"href":"https:\/\/www.lab.eus\/es\/wp-json\/wp\/v2\/posts"}],"about":[{"href":"https:\/\/www.lab.eus\/es\/wp-json\/wp\/v2\/types\/post"}],"author":[{"embeddable":true,"href":"https:\/\/www.lab.eus\/es\/wp-json\/wp\/v2\/users\/1191"}],"replies":[{"embeddable":true,"href":"https:\/\/www.lab.eus\/es\/wp-json\/wp\/v2\/comments?post=79119"}],"version-history":[{"count":1,"href":"https:\/\/www.lab.eus\/es\/wp-json\/wp\/v2\/posts\/79119\/revisions"}],"predecessor-version":[{"id":79120,"href":"https:\/\/www.lab.eus\/es\/wp-json\/wp\/v2\/posts\/79119\/revisions\/79120"}],"wp:featuredmedia":[{"embeddable":true,"href":"https:\/\/www.lab.eus\/es\/wp-json\/wp\/v2\/media\/79117"}],"wp:attachment":[{"href":"https:\/\/www.lab.eus\/es\/wp-json\/wp\/v2\/media?parent=79119"}],"wp:term":[{"taxonomy":"category","embeddable":true,"href":"https:\/\/www.lab.eus\/es\/wp-json\/wp\/v2\/categories?post=79119"},{"taxonomy":"post_tag","embeddable":true,"href":"https:\/\/www.lab.eus\/es\/wp-json\/wp\/v2\/tags?post=79119"}],"curies":[{"name":"wp","href":"https:\/\/api.w.org\/{rel}","templated":true}]}}