{"id":78644,"date":"2025-03-04T09:21:38","date_gmt":"2025-03-04T09:21:38","guid":{"rendered":"https:\/\/www.lab.eus\/?p=78644"},"modified":"2025-03-04T09:21:41","modified_gmt":"2025-03-04T09:21:41","slug":"la-diputacion-foral-de-bizkaia-contra-la-normalizacion-del-euskara","status":"publish","type":"post","link":"https:\/\/www.lab.eus\/es\/la-diputacion-foral-de-bizkaia-contra-la-normalizacion-del-euskara\/","title":{"rendered":"La Diputaci\u00f3n Foral de Bizkaia contra la normalizaci\u00f3n del euskara"},"content":{"rendered":"\n<p>En la \u00faltima mesa de negociaci\u00f3n celebrada el 20 de febrero, la Direcci\u00f3n General de R\u00e9gimen Jur\u00eddico y Funci\u00f3n P\u00fablica de la Diputaci\u00f3n Foral de Bizkaia (DFB) inform\u00f3 sobre la decisi\u00f3n que quiere adoptar para las nuevas Ofertas P\u00fablicas de Empleo y las convocatorias de empleo p\u00fablico pendientes de realizar.<\/p>\n\n\n\n<p>La DFB propone reducir la exigencia de los perfiles ling\u00fc\u00edsticos en la mitad de las plazas convocadas, retrocediendo en la pol\u00edtica de normalizaci\u00f3n ling\u00fc\u00edstica que ha desarrollado hasta ahora y rebajando sensiblemente el conocimiento necesario de las dos lenguas oficiales para los nuevos puestos de trabajo.<\/p>\n\n\n\n<p>Esta decisi\u00f3n supone un serio y triste viraje de la DFB, ya que se desmarca del posicionamiento oficial emitido hasta ahora a ra\u00edz de las sentencias de 2 juzgados de la Contencioso Administrativo de Bilbao sobre el euskera en algunos procesos selectivos en el sentido de defender \u201cla interpretaci\u00f3n correcta de la normativa aplicable existente tanto en funci\u00f3n p\u00fablica, como en materia ling\u00fc\u00edstica\u201d.<\/p>\n\n\n\n<p>El sindicato LAB rechaza de forma rotunda esta grave decisi\u00f3n que va en contra de la normalizaci\u00f3n del euskara, de los derechos ling\u00fc\u00edsticos de la ciudadan\u00eda en su relaci\u00f3n con la Administraci\u00f3n y en contra de las personas trabajadoras de la DFB que quieren realizar su trabajo en euskara.<\/p>\n\n\n\n<p>La decisi\u00f3n adoptada por la DFB \u201cen aras a dotar de seguridad jur\u00eddica a esos procesos selectivos\u201d supone un serio aldabonazo al proceso de normalizaci\u00f3n ling\u00fc\u00edstica de esta administraci\u00f3n, as\u00ed como a la garant\u00eda y a los derechos ling\u00fc\u00edsticos de la ciudadan\u00eda y de su plantilla. Con su decisi\u00f3n, la DFB da aire a la ola euskar\u00f3foba desatada por la judicatura, que \u00faltimanente afecta a una buena parte de las administraciones locales vascas.<\/p>\n\n\n\n<p>El castellano no puede ser la \u00fanica lengua obligatoria para el empleo p\u00fablico. Para cubrir los nuevos puestos p\u00fablicos debe ser requisito indispensable el conocimiento de las dos lenguas oficiales y, con ello, el incremento de las medidas de euskaldunizaci\u00f3n de la administraci\u00f3n, con todas las garant\u00edas jur\u00eddicas. Avanzar en ese camino o ir hacia atr\u00e1s en la pol\u00edtica ling\u00fc\u00edstica es una decisi\u00f3n pol\u00edtica.<\/p>\n\n\n\n<p>Hacemos un llamamiento a la defensa de los derechos ling\u00fc\u00edsticos frente los ataques a la normalizaci\u00f3n del euskara.<\/p>\n","protected":false},"excerpt":{"rendered":"<p>En la \u00faltima mesa de negociaci\u00f3n celebrada el 20 de febrero, la Direcci\u00f3n General de R\u00e9gimen Jur\u00eddico y Funci\u00f3n P\u00fablica de la Diputaci\u00f3n Foral de Bizkaia (DFB) inform\u00f3 sobre la decisi\u00f3n que quiere adoptar para las nuevas Ofertas P\u00fablicas de Empleo y las convocatorias de empleo p\u00fablico pendientes de realizar.<\/p>\n","protected":false},"author":1191,"featured_media":78642,"comment_status":"closed","ping_status":"closed","sticky":false,"template":"","format":"standard","meta":{"_monsterinsights_skip_tracking":false,"_monsterinsights_sitenote_active":false,"_monsterinsights_sitenote_note":"","_monsterinsights_sitenote_category":0,"footnotes":"","_links_to":"","_links_to_target":""},"categories":[18,3108,2867,6],"tags":[3033,3450,3178,3744,3192,3751,3024,3171],"class_list":{"0":"post-78644","1":"post","2":"type-post","3":"status-publish","4":"format-standard","5":"has-post-thumbnail","7":"category-es-accion-sindical","8":"category-administracion-municipal-y-foral","9":"category-federaciones","10":"category-es-servicios-publicos","11":"tag-accion-sindical-es","12":"tag-administracion-local-y-foral","13":"tag-destacado-1","14":"tag-diputacion-foral-de-bizkaia","15":"tag-euskara-es","16":"tag-secretaria-de-euskara","17":"tag-secretarias","18":"tag-servicios-publicos-es"},"_links":{"self":[{"href":"https:\/\/www.lab.eus\/es\/wp-json\/wp\/v2\/posts\/78644","targetHints":{"allow":["GET"]}}],"collection":[{"href":"https:\/\/www.lab.eus\/es\/wp-json\/wp\/v2\/posts"}],"about":[{"href":"https:\/\/www.lab.eus\/es\/wp-json\/wp\/v2\/types\/post"}],"author":[{"embeddable":true,"href":"https:\/\/www.lab.eus\/es\/wp-json\/wp\/v2\/users\/1191"}],"replies":[{"embeddable":true,"href":"https:\/\/www.lab.eus\/es\/wp-json\/wp\/v2\/comments?post=78644"}],"version-history":[{"count":1,"href":"https:\/\/www.lab.eus\/es\/wp-json\/wp\/v2\/posts\/78644\/revisions"}],"predecessor-version":[{"id":78645,"href":"https:\/\/www.lab.eus\/es\/wp-json\/wp\/v2\/posts\/78644\/revisions\/78645"}],"wp:featuredmedia":[{"embeddable":true,"href":"https:\/\/www.lab.eus\/es\/wp-json\/wp\/v2\/media\/78642"}],"wp:attachment":[{"href":"https:\/\/www.lab.eus\/es\/wp-json\/wp\/v2\/media?parent=78644"}],"wp:term":[{"taxonomy":"category","embeddable":true,"href":"https:\/\/www.lab.eus\/es\/wp-json\/wp\/v2\/categories?post=78644"},{"taxonomy":"post_tag","embeddable":true,"href":"https:\/\/www.lab.eus\/es\/wp-json\/wp\/v2\/tags?post=78644"}],"curies":[{"name":"wp","href":"https:\/\/api.w.org\/{rel}","templated":true}]}}