{"id":78630,"date":"2025-02-28T11:57:44","date_gmt":"2025-02-28T11:57:44","guid":{"rendered":"https:\/\/www.lab.eus\/?p=78630"},"modified":"2025-02-28T11:57:47","modified_gmt":"2025-02-28T11:57:47","slug":"lab-presenta-la-aplicacion-fitxatu-para-evitar-los-abusos-en-las-jornadas-en-la-hosteleria-de-bizkaia","status":"publish","type":"post","link":"https:\/\/www.lab.eus\/es\/lab-presenta-la-aplicacion-fitxatu-para-evitar-los-abusos-en-las-jornadas-en-la-hosteleria-de-bizkaia\/","title":{"rendered":"LAB presenta la aplicaci\u00f3n FITXATU para evitar los abusos en las jornadas en la hosteler\u00eda de Bizkaia"},"content":{"rendered":"\n<p>En febrero hemos tenido conocimiento a trav\u00e9s de los medios de comunicaci\u00f3n de que la Inspecci\u00f3n de Trabajo ha detectado abusos en el 64% de los controles de jornada en la CAV. Para LAB eso no es nada nuevo.<\/p>\n\n\n\n<p>El registro de la jornada de las y los trabajadores a tiempo parcial era obligatorio desde hace tiempo, tal y como recoge el Estatuto de los Trabajadores, y desde 2019 las empresas est\u00e1n obligadas a realizar un registro de la jornada de sus trabajadores y trabajadoras, de todas y todos ellos, sea cual sea su puesto de trabajo, sector o tama\u00f1o de la empresa. Adem\u00e1s, dicho registro debe estar a disposici\u00f3n tanto de los trabajadores como de los representantes sindicales.<\/p>\n\n\n\n<p>La realidad es que este registro de jornada no se realiza o, si se realiza, no recoge las horas que realmente realiza el trabajador o trabajadora y est\u00e1 disponible en contadas ocasiones.<\/p>\n\n\n\n<p>El proyecto de ley de reducci\u00f3n de jornada, publicado a finales de 2024 por el Ministerio de Trabajo y Econom\u00eda Social, contempla, entre otras medidas, la obligatoriedad de realizar un registro digital de la jornada laboral, especialmente para que la Inspecci\u00f3n de Trabajo tenga acceso directo a dicho registro. Pero es cierto que dicho proyecto de ley se encuentra a\u00fan en proceso de aprobaci\u00f3n, por lo que no sabemos cu\u00e1ndo ser\u00e1n de aplicaci\u00f3n las medidas recogidas. Adem\u00e1s, en muchas empresas donde se realiza el registro telem\u00e1tico este tambi\u00e9n se manipula.<\/p>\n\n\n\n<p>Como para muchas otras cosas, la hosteler\u00eda es uno de los sectores donde hay m\u00e1s fraude en el registro de la jornada porque, no se hace registro o, si se hace, se falsea. Adem\u00e1s, cada d\u00eda en el sindicato vemos miles de vulneraciones de la jornada: no respetar la jornada m\u00e1xima diaria, semanal o anual, no pagar las horas extras, no respetar el descanso m\u00ednimo entre jornadas de 12 horas&#8230; y como no hay registro o es falso, nos resulta muy dif\u00edcil demostrar todas esas vulneraciones.<\/p>\n\n\n\n<p>Es por ello que vimos la necesidad de una herramienta para registrar la jornada laboral, que deb\u00eda estar en manos de los trabajadores, para llevar uno mismo el control. As\u00ed naci\u00f3 la aplicaci\u00f3n FITXATU, dirigida a las y los trabajadores de hosteler\u00eda de Bizkaia. Esta herramienta permite registrar la jornada diaria, indicar que el d\u00eda de trabajo es festivo (porque se cobra diferente), conectar el GPS para que mediante la geolocalizaci\u00f3n se pueda demostrar que el trabajador ha estado en el puesto de trabajo, al llegar a la hora m\u00e1xima diaria\/semanal\/anual llega un aviso y tambi\u00e9n se puede crear una tabla resumen de todos los registros realizados.<\/p>\n\n\n\n<p>Gracias a esta herramienta, las y los trabajadores podr\u00e1n registrar su jornada, controlando las horas que realizan, las horas extras&#8230; de esta forma podr\u00e1n disponer de un medio de prueba a la hora de reclamar a la empresa.<\/p>\n\n\n\n<p>Animamos a todo el personal de hosteler\u00eda de Bizkaia a que instale y utilice esta aplicaci\u00f3n, creemos que es una herramienta muy \u00fatil para llevar el control de las horas que trabaja cada uno y evitar abusos.<\/p>\n","protected":false},"excerpt":{"rendered":"<p>En febrero hemos tenido conocimiento a trav\u00e9s de los medios de comunicaci\u00f3n de que la Inspecci\u00f3n de Trabajo ha detectado abusos en el 64% de los controles de jornada en la CAV. Para LAB eso no es nada nuevo.<\/p>\n","protected":false},"author":1191,"featured_media":78628,"comment_status":"closed","ping_status":"closed","sticky":false,"template":"","format":"standard","meta":{"_monsterinsights_skip_tracking":false,"_monsterinsights_sitenote_active":false,"_monsterinsights_sitenote_note":"","_monsterinsights_sitenote_category":0,"footnotes":"","_links_to":"","_links_to_target":""},"categories":[18,2867,2956,8],"tags":[3033,3178,3066,3592,3172],"class_list":{"0":"post-78630","1":"post","2":"type-post","3":"status-publish","4":"format-standard","5":"has-post-thumbnail","7":"category-es-accion-sindical","8":"category-federaciones","9":"category-hosteleria","10":"category-es-servicios-privados","11":"tag-accion-sindical-es","12":"tag-destacado-1","13":"tag-federaciones-es","14":"tag-hosteleria","15":"tag-servicios-privados-es"},"_links":{"self":[{"href":"https:\/\/www.lab.eus\/es\/wp-json\/wp\/v2\/posts\/78630","targetHints":{"allow":["GET"]}}],"collection":[{"href":"https:\/\/www.lab.eus\/es\/wp-json\/wp\/v2\/posts"}],"about":[{"href":"https:\/\/www.lab.eus\/es\/wp-json\/wp\/v2\/types\/post"}],"author":[{"embeddable":true,"href":"https:\/\/www.lab.eus\/es\/wp-json\/wp\/v2\/users\/1191"}],"replies":[{"embeddable":true,"href":"https:\/\/www.lab.eus\/es\/wp-json\/wp\/v2\/comments?post=78630"}],"version-history":[{"count":1,"href":"https:\/\/www.lab.eus\/es\/wp-json\/wp\/v2\/posts\/78630\/revisions"}],"predecessor-version":[{"id":78631,"href":"https:\/\/www.lab.eus\/es\/wp-json\/wp\/v2\/posts\/78630\/revisions\/78631"}],"wp:featuredmedia":[{"embeddable":true,"href":"https:\/\/www.lab.eus\/es\/wp-json\/wp\/v2\/media\/78628"}],"wp:attachment":[{"href":"https:\/\/www.lab.eus\/es\/wp-json\/wp\/v2\/media?parent=78630"}],"wp:term":[{"taxonomy":"category","embeddable":true,"href":"https:\/\/www.lab.eus\/es\/wp-json\/wp\/v2\/categories?post=78630"},{"taxonomy":"post_tag","embeddable":true,"href":"https:\/\/www.lab.eus\/es\/wp-json\/wp\/v2\/tags?post=78630"}],"curies":[{"name":"wp","href":"https:\/\/api.w.org\/{rel}","templated":true}]}}