{"id":78380,"date":"2025-02-21T09:14:31","date_gmt":"2025-02-21T09:14:31","guid":{"rendered":"https:\/\/www.lab.eus\/?p=78380"},"modified":"2025-02-21T09:14:34","modified_gmt":"2025-02-21T09:14:34","slug":"22-de-febrero-dia-contra-la-brecha-salarial-para-luchar-contra-la-brecha-de-cuidados-y-la-brecha-salarial-decidamos-aqui-el-sistema-de-cuidados-publico-y-comunitario","status":"publish","type":"post","link":"https:\/\/www.lab.eus\/es\/22-de-febrero-dia-contra-la-brecha-salarial-para-luchar-contra-la-brecha-de-cuidados-y-la-brecha-salarial-decidamos-aqui-el-sistema-de-cuidados-publico-y-comunitario\/","title":{"rendered":"22 de febrero, d\u00eda contra la brecha salarial. Para luchar contra la brecha de cuidados y la brecha salarial, decidamos aqu\u00ed el sistema de cuidados p\u00fablico y comunitario"},"content":{"rendered":"\n<p>La brecha de cuidados y la brecha salarial est\u00e1n entrelazadas.<\/p>\n\n\n\n<p>&gt; \u00bfTe has planteado alguna vez de cu\u00e1ntas horas consta la jornada laboral de las mujeres*, m\u00e1s all\u00e1<\/p>\n\n\n\n<p>del trabajo asalariado, eso que llamamos empleo?<\/p>\n\n\n\n<p>&gt; \u00bfQu\u00e9 nivel de responsabilidad asumen los hombres, aparte del empleo, en los cuidados?<\/p>\n\n\n\n<p>&gt; Entendiendo los cuidados como trabajo, \u00bfqu\u00e9 brecha existe entre la jornada de cuidados de las mujeres* y la de los hombres?<\/p>\n\n\n\n<p>&gt; \u00bfHas pensado alguna vez cu\u00e1l es la jornada laboral de las trabajadoras de hogar y en qu\u00e9 condiciones est\u00e1n ante la negativa de los gobiernos y las administraciones al desarrollo de un sistema p\u00fablico de cuidados?<\/p>\n\n\n\n<p>Seg\u00fan los datos de EUSTAT (Cuenta Sat\u00e9lite del Trabajo Dom\u00e9stico, 2018), el 67,2% de los trabajos de cuidados son realizados por mujeres*, frente al 32,8% que realizan los hombres.<\/p>\n\n\n\n<p>Si nos fijamos en el \u00e1mbito del empleo, las mujeres* siguen siendo la inmensa mayor\u00eda de quienes se acogen a los permisos (remunerados y no remunerados) y tiempos de cuidado.<\/p>\n\n\n\n<p>&gt; \u00bfCu\u00e1ntos hombres adoptan medidas de conciliaci\u00f3n? Si reparamos a los datos de Hego Euskal Herria de las excedencias para el cuidado de hijos e hijas, menores acogidos o familiares en 2024, m\u00e1s de 8 de cada 10 son mujeres* (Seguridad Social, 2025).<\/p>\n\n\n\n<p>&gt; \u00bfPara qu\u00e9 utilizan los hombres estos permisos?<\/p>\n\n\n\n<p>Lejos de reconocer y valorar las tareas de cuidado, el modelo econ\u00f3mico actual penaliza a quienes realizan estos trabajos (porque son realizadas por mujeres* y se encuadran en el rol femenino). De hecho, este sistema necesita que los cuidados sean invisibles y gratuitos para poder mantenerlos como est\u00e1n.<\/p>\n\n\n\n<p>Por todo esto, decimos bien claro que la brecha de cuidados y la brecha salarial est\u00e1n interrelacionadas. Es hora de que los hombres renuncien al privilegio de no cuidar y asuman sus responsabilidades.<\/p>\n\n\n\n<p>Es hora de reconocer la deuda patriarcal de estas tareas de cuidado que durante a\u00f1os han reca\u00eddo sobre las espaldas de las mujeres*. Las mujeres* se han encargado (en mayor o menor medida) y han quedado bajo su responsabilidad todos los trabajos de cuidado, tan necesarios para sostener la vida, realizados de manera gratuita, y de los cuales se ha beneficiado el sistema capitalista y toda la sociedad en general. Es hora tambi\u00e9n de plantear un reparto justo de las tareas de cuidado aqu\u00ed y ahora. Reivindicamos la necesidad de dar pasos hacia el Sistema P\u00fablico Comunitario de Cuidados.<\/p>\n\n\n\n<p>En este sentido, tambi\u00e9n queremos interpelar a las instituciones para que dejen de alimentar el modelo privatizador y familiarista y se responsabilicen del desarrollo de un sistema integral que garantice el cuidado como un derecho colectivo desde el \u00e1mbito p\u00fablico. Porque esta ser\u00e1 la medida m\u00e1s estrat\u00e9gica que se pueda tomar para acabar con la brecha salarial.<\/p>\n\n\n\n<p>Desde el sindicato LAB, seguiremos luchando en esta direcci\u00f3n: activando luchas contra la brecha salarial en los centros de trabajo, e impulsando un nuevo sistema socioecon\u00f3mico basado en el triple reparto (cuidados, empleo, riqueza). Es hora de transitar hacia un nuevo modelo que sit\u00fae las vidas en el centro.<\/p>\n","protected":false},"excerpt":{"rendered":"<p>La brecha de cuidados y la brecha salarial est\u00e1n entrelazadas.<\/p>\n","protected":false},"author":1191,"featured_media":78381,"comment_status":"closed","ping_status":"closed","sticky":false,"template":"","format":"standard","meta":{"_monsterinsights_skip_tracking":false,"_monsterinsights_sitenote_active":false,"_monsterinsights_sitenote_note":"","_monsterinsights_sitenote_category":0,"footnotes":"","_links_to":"","_links_to_target":""},"categories":[3281,2973],"tags":[5190,3698,3178,4915,3518,3024],"class_list":{"0":"post-78380","1":"post","2":"type-post","3":"status-publish","4":"format-standard","5":"has-post-thumbnail","7":"category-secretaria-feminista","8":"category-secretarias","9":"tag-22-de-febrero","10":"tag-brecha-salarial","11":"tag-destacado-1","12":"tag-hemen-erabaki-es","13":"tag-secretaria-feminista","14":"tag-secretarias"},"_links":{"self":[{"href":"https:\/\/www.lab.eus\/es\/wp-json\/wp\/v2\/posts\/78380","targetHints":{"allow":["GET"]}}],"collection":[{"href":"https:\/\/www.lab.eus\/es\/wp-json\/wp\/v2\/posts"}],"about":[{"href":"https:\/\/www.lab.eus\/es\/wp-json\/wp\/v2\/types\/post"}],"author":[{"embeddable":true,"href":"https:\/\/www.lab.eus\/es\/wp-json\/wp\/v2\/users\/1191"}],"replies":[{"embeddable":true,"href":"https:\/\/www.lab.eus\/es\/wp-json\/wp\/v2\/comments?post=78380"}],"version-history":[{"count":1,"href":"https:\/\/www.lab.eus\/es\/wp-json\/wp\/v2\/posts\/78380\/revisions"}],"predecessor-version":[{"id":78383,"href":"https:\/\/www.lab.eus\/es\/wp-json\/wp\/v2\/posts\/78380\/revisions\/78383"}],"wp:featuredmedia":[{"embeddable":true,"href":"https:\/\/www.lab.eus\/es\/wp-json\/wp\/v2\/media\/78381"}],"wp:attachment":[{"href":"https:\/\/www.lab.eus\/es\/wp-json\/wp\/v2\/media?parent=78380"}],"wp:term":[{"taxonomy":"category","embeddable":true,"href":"https:\/\/www.lab.eus\/es\/wp-json\/wp\/v2\/categories?post=78380"},{"taxonomy":"post_tag","embeddable":true,"href":"https:\/\/www.lab.eus\/es\/wp-json\/wp\/v2\/tags?post=78380"}],"curies":[{"name":"wp","href":"https:\/\/api.w.org\/{rel}","templated":true}]}}