{"id":78044,"date":"2025-02-11T15:22:43","date_gmt":"2025-02-11T15:22:43","guid":{"rendered":"https:\/\/www.lab.eus\/?p=78044"},"modified":"2025-02-11T15:22:45","modified_gmt":"2025-02-11T15:22:45","slug":"los-empresarios-de-la-cen-y-los-sindicatos-ugt-y-ccoo-provocan-la-suspension-de-la-reunion-para-negociar-un-salario-minimo-en-nafarroa","status":"publish","type":"post","link":"https:\/\/www.lab.eus\/es\/los-empresarios-de-la-cen-y-los-sindicatos-ugt-y-ccoo-provocan-la-suspension-de-la-reunion-para-negociar-un-salario-minimo-en-nafarroa\/","title":{"rendered":"Los empresarios de la CEN y los sindicatos UGT y CCOO provocan la suspensi\u00f3n de la reuni\u00f3n para negociar un salario m\u00ednimo en Nafarroa"},"content":{"rendered":"\n<p>Hoy se ten\u00eda que celebrar en el Iru\u00f1ea una reuni\u00f3n para constituir la mesa de negociaci\u00f3n para la consecuci\u00f3n de un acuerdo interprofesional sobre un salario o retribuci\u00f3n m\u00ednima para las personas trabajadoras que prestan servicios en el \u00e1mbito territorial de Nafarroa. Los empresarios de la CEN y los sindicatos UGT y CCOO que hab\u00edan confirmado su asistencia tras ser convocados conforme a Derecho, finalmente no han acudido a la reuni\u00f3n poniendo como excusa los t\u00e9rminos en los que se hab\u00eda realizado el llamamiento a los medios de comunicaci\u00f3n. As\u00ed, cinco minutos antes del comienzo de la reuni\u00f3n han comunicado su inasistencia.<\/p>\n\n\n\n<p>Una vez confirmada su asistencia no se entiende su manera de actuar posterior ante una supuesta duda sobre los t\u00e9rminos del llamamiento a la prensa, por lo que cabe concluir que su intenci\u00f3n ha sido obstaculizar la reuni\u00f3n de hoy.<\/p>\n\n\n\n<p>Llama especialmente la atenci\u00f3n la diferente manera de actuar de UGT y CCOO en Nafarroa respecto a la Comunidad Aut\u00f3noma Vasca. Mientras que en la CAV UGT y CCOO han sido convocantes de la reuni\u00f3n y han interpelado a la Patronal para que se avenga a negociar sobre un salario m\u00ednimo propio, en Nafarroa no s\u00f3lo no han sido convocantes sino que adem\u00e1s han acordado con la CEN su inasistencia a la reuni\u00f3n utilizando el pretexto mencionado. Teniendo en cuenta que la estructura socioecon\u00f3mica y salarial, as\u00ed como el coste de la vida, es similar en ambos territorios, no se entiende la diferente manera de actuar de UGT y CCOO. \u00bfAcaso los trabajadores y trabajadoras navarras son menos merecedores de una mejora en el salario m\u00ednimo respecto a los de la CAV?<\/p>\n\n\n\n<p>Sin embargo, m\u00e1s all\u00e1 de lo sucedido, el debate y la negociaci\u00f3n de un salario m\u00ednimo en Nafarroa que supere el estatal ha venido para quedarse y, en consecuencia con ello, se realizar\u00e1 una nueva convocatoria. Confiamos que esta vez la CEN, UGT y CCOO asistan a la reuni\u00f3n sin utilizar ning\u00fan pretexto y expongan su posici\u00f3n sobre esta importante cuesti\u00f3n que beneficiar\u00eda a miles de trabajadores y trabajadoras navarras.<\/p>\n","protected":false},"excerpt":{"rendered":"<p>Hoy se ten\u00eda que celebrar en el Iru\u00f1ea una reuni\u00f3n para constituir la mesa de negociaci\u00f3n para la consecuci\u00f3n de un acuerdo interprofesional sobre un salario o retribuci\u00f3n m\u00ednima para las personas trabajadoras que prestan servicios en el \u00e1mbito territorial de Nafarroa. Los empresarios de la CEN y los sindicatos UGT y CCOO que hab\u00edan confirmado su asistencia tras ser convocados conforme a Derecho, finalmente no han acudido a la reuni\u00f3n poniendo como excusa los t\u00e9rminos en los que se hab\u00eda realizado el llamamiento a los medios de comunicaci\u00f3n. As\u00ed, cinco minutos antes del comienzo de la reuni\u00f3n han comunicado su inasistencia.<\/p>\n","protected":false},"author":1191,"featured_media":78042,"comment_status":"closed","ping_status":"closed","sticky":false,"template":"","format":"standard","meta":{"_monsterinsights_skip_tracking":false,"_monsterinsights_sitenote_active":false,"_monsterinsights_sitenote_note":"","_monsterinsights_sitenote_category":0,"footnotes":"","_links_to":"","_links_to_target":""},"categories":[18],"tags":[3033,3178,3804],"class_list":{"0":"post-78044","1":"post","2":"type-post","3":"status-publish","4":"format-standard","5":"has-post-thumbnail","7":"category-es-accion-sindical","8":"tag-accion-sindical-es","9":"tag-destacado-1","10":"tag-salario-minimo"},"_links":{"self":[{"href":"https:\/\/www.lab.eus\/es\/wp-json\/wp\/v2\/posts\/78044","targetHints":{"allow":["GET"]}}],"collection":[{"href":"https:\/\/www.lab.eus\/es\/wp-json\/wp\/v2\/posts"}],"about":[{"href":"https:\/\/www.lab.eus\/es\/wp-json\/wp\/v2\/types\/post"}],"author":[{"embeddable":true,"href":"https:\/\/www.lab.eus\/es\/wp-json\/wp\/v2\/users\/1191"}],"replies":[{"embeddable":true,"href":"https:\/\/www.lab.eus\/es\/wp-json\/wp\/v2\/comments?post=78044"}],"version-history":[{"count":1,"href":"https:\/\/www.lab.eus\/es\/wp-json\/wp\/v2\/posts\/78044\/revisions"}],"predecessor-version":[{"id":78045,"href":"https:\/\/www.lab.eus\/es\/wp-json\/wp\/v2\/posts\/78044\/revisions\/78045"}],"wp:featuredmedia":[{"embeddable":true,"href":"https:\/\/www.lab.eus\/es\/wp-json\/wp\/v2\/media\/78042"}],"wp:attachment":[{"href":"https:\/\/www.lab.eus\/es\/wp-json\/wp\/v2\/media?parent=78044"}],"wp:term":[{"taxonomy":"category","embeddable":true,"href":"https:\/\/www.lab.eus\/es\/wp-json\/wp\/v2\/categories?post=78044"},{"taxonomy":"post_tag","embeddable":true,"href":"https:\/\/www.lab.eus\/es\/wp-json\/wp\/v2\/tags?post=78044"}],"curies":[{"name":"wp","href":"https:\/\/api.w.org\/{rel}","templated":true}]}}