{"id":77816,"date":"2025-01-31T16:11:31","date_gmt":"2025-01-31T16:11:31","guid":{"rendered":"https:\/\/www.lab.eus\/?p=77816"},"modified":"2025-01-31T16:11:34","modified_gmt":"2025-01-31T16:11:34","slug":"lab-felicita-a-los-y-las-docentes-de-nafarroa-por-la-capacidad-de-movilizacion-que-demostraron-en-la-huelga-y-denuncia-que-en-su-exhibicion-represiva-la-policia-le-rompio-la-nariz-a-un-profesor","status":"publish","type":"post","link":"https:\/\/www.lab.eus\/es\/lab-felicita-a-los-y-las-docentes-de-nafarroa-por-la-capacidad-de-movilizacion-que-demostraron-en-la-huelga-y-denuncia-que-en-su-exhibicion-represiva-la-policia-le-rompio-la-nariz-a-un-profesor\/","title":{"rendered":"LAB felicita a los y las docentes de Nafarroa por la capacidad de movilizaci\u00f3n que demostraron en la huelga y denuncia que en su exhibici\u00f3n represiva la Polic\u00eda le rompi\u00f3 la nariz a un profesor"},"content":{"rendered":"\n<p>Los profesores y profesoras de la ense\u00f1anza p\u00fablica no universitaria de Nafarroa protagonizaron ayer la tercera jornada de huelga de este curso, en defensa de la educaci\u00f3n p\u00fablica y de unas condiciones laborales dignas, y el sindicato LAB quiere felicitar a todos los huelguistas por la fuerza y la capacidad de movilizaci\u00f3n mostrada ayer. Asimismo, LAB quiere denunciar la violenta actuaci\u00f3n de la Polic\u00eda Nacional que, durante un acto pac\u00edfico de protesta, rompi\u00f3 la nariz a un profesor, afiliado a LAB y, adem\u00e1s, lo arrest\u00f3.<\/p>\n\n\n\n<p><a><\/a> Por tercera vez este curso los maestros y maestras volvieron a sacudir ayer las calles de Pamplona a favor de la educaci\u00f3n p\u00fablica, por lo que LAB quiere felicitar al profesorado y a todos los miembros de la comunidad educativa que colaboraron en la huelga. El consejero de Educaci\u00f3n Carlos Gimeno sigue sin escuchar las reivindicaciones de la mayor\u00eda sindical en la Ense\u00f1anza. Pero no puede continuar as\u00ed. Ya es hora de que se reinicie una negociaci\u00f3n real, porque es urgente tomar medidas para hacer frente a las necesidades que tiene el sistema educativo p\u00fablico. En todas las etapas hay que bajar los ratios, hay que garantizar la estabilidad del profesorado, hay que reducir la sobrecarga laboral y hay que recuperar el poder adquisitivo.<\/p>\n\n\n\n<p><strong>Un profesor herido por la Polic\u00eda<\/strong><\/p>\n\n\n\n<p>Adem\u00e1s de todas las trabas que pone el Departamento de Educaci\u00f3n, el sindicato LAB quiere denunciar de forma contundente la represi\u00f3n policial que ayer sufrieron los y las docentes. Durante el transcurso de una acci\u00f3n de protesta pac\u00edfica acaecida en la cuesta del Labrit de Iru\u00f1ea, los agentes de la Polic\u00eda Foral y la Polic\u00eda Nacional empujaron, golpearon e identificaron a trabajadores y trabajadoras y detuvieron a uno de ellos.<\/p>\n\n\n\n<p>En cuanto al profesor detenido, afiliado a LAB, cabe destacar que sufre una fractura en la nariz por el pu\u00f1etazo que le propin\u00f3 un polic\u00eda espa\u00f1ol. Y a pesar de estar herido, fue cogido por la fuerza entre varios polic\u00edas, arrojado al suelo y arrestado. Tras pasar unas horas en comisar\u00eda, fue puesto en libertad tras pasar ante la jueza de instrucci\u00f3n. Se le imputa un delito de resistencia y desobediencia a agentes de la autoridad.<\/p>\n\n\n\n<p>LAB considera que el profesorado tiene todo el derecho a expresar su indignaci\u00f3n de forma pac\u00edfica, por lo que LAB no va a tolerar ataques contra el profesorado y hace un llamamiento a seguir moviliz\u00e1ndose con m\u00e1s fuerza frente a ellos. En ese sentido, LAB quiere mostrar todo su apoyo y solidaridad al profesor herido violentamente y y posteriormente detenido, as\u00ed como a todas las personas que fueron identificadas y golpeadas. El pr\u00f3ximo 4 de febrero, martes, se celebrar\u00e1 una concentraci\u00f3n de solidaridad en el centro de trabajo del citado profesor, Mariana Sanz de Pamplona, a las 10:55 horas, a la que LAB hace un llamamiento a acudir.<\/p>\n","protected":false},"excerpt":{"rendered":"<p>Los profesores y profesoras de la ense\u00f1anza p\u00fablica no universitaria de Nafarroa protagonizaron ayer la tercera jornada de huelga de este curso, en defensa de la educaci\u00f3n p\u00fablica y de unas condiciones laborales dignas, y el sindicato LAB quiere felicitar a todos los huelguistas por la fuerza y la capacidad de movilizaci\u00f3n mostrada ayer. Asimismo, LAB quiere denunciar la violenta actuaci\u00f3n de la Polic\u00eda Nacional que, durante un acto pac\u00edfico de protesta, rompi\u00f3 la nariz a un profesor, afiliado a LAB y, adem\u00e1s, lo arrest\u00f3.<\/p>\n","protected":false},"author":1191,"featured_media":77812,"comment_status":"closed","ping_status":"closed","sticky":false,"template":"","format":"standard","meta":{"_monsterinsights_skip_tracking":false,"_monsterinsights_sitenote_active":false,"_monsterinsights_sitenote_note":"","_monsterinsights_sitenote_category":0,"footnotes":"","_links_to":"","_links_to_target":""},"categories":[18,33,2867,6],"tags":[3033,3178,3194,4890,3066,3171],"class_list":{"0":"post-77816","1":"post","2":"type-post","3":"status-publish","4":"format-standard","5":"has-post-thumbnail","7":"category-es-accion-sindical","8":"category-es-ensenanza","9":"category-federaciones","10":"category-es-servicios-publicos","11":"tag-accion-sindical-es","12":"tag-destacado-1","13":"tag-ensenanza-es","14":"tag-ensenanza-publica-de-nafarroa","15":"tag-federaciones-es","16":"tag-servicios-publicos-es"},"_links":{"self":[{"href":"https:\/\/www.lab.eus\/es\/wp-json\/wp\/v2\/posts\/77816","targetHints":{"allow":["GET"]}}],"collection":[{"href":"https:\/\/www.lab.eus\/es\/wp-json\/wp\/v2\/posts"}],"about":[{"href":"https:\/\/www.lab.eus\/es\/wp-json\/wp\/v2\/types\/post"}],"author":[{"embeddable":true,"href":"https:\/\/www.lab.eus\/es\/wp-json\/wp\/v2\/users\/1191"}],"replies":[{"embeddable":true,"href":"https:\/\/www.lab.eus\/es\/wp-json\/wp\/v2\/comments?post=77816"}],"version-history":[{"count":1,"href":"https:\/\/www.lab.eus\/es\/wp-json\/wp\/v2\/posts\/77816\/revisions"}],"predecessor-version":[{"id":77817,"href":"https:\/\/www.lab.eus\/es\/wp-json\/wp\/v2\/posts\/77816\/revisions\/77817"}],"wp:featuredmedia":[{"embeddable":true,"href":"https:\/\/www.lab.eus\/es\/wp-json\/wp\/v2\/media\/77812"}],"wp:attachment":[{"href":"https:\/\/www.lab.eus\/es\/wp-json\/wp\/v2\/media?parent=77816"}],"wp:term":[{"taxonomy":"category","embeddable":true,"href":"https:\/\/www.lab.eus\/es\/wp-json\/wp\/v2\/categories?post=77816"},{"taxonomy":"post_tag","embeddable":true,"href":"https:\/\/www.lab.eus\/es\/wp-json\/wp\/v2\/tags?post=77816"}],"curies":[{"name":"wp","href":"https:\/\/api.w.org\/{rel}","templated":true}]}}