{"id":77728,"date":"2025-01-29T11:54:12","date_gmt":"2025-01-29T11:54:12","guid":{"rendered":"https:\/\/www.lab.eus\/?p=77728"},"modified":"2025-01-29T11:54:14","modified_gmt":"2025-01-29T11:54:14","slug":"la-huelga-en-el-consorcio-haurreskolak-ha-tenido-un-amplio-seguimiento-similar-al-de-ayer","status":"publish","type":"post","link":"https:\/\/www.lab.eus\/es\/la-huelga-en-el-consorcio-haurreskolak-ha-tenido-un-amplio-seguimiento-similar-al-de-ayer\/","title":{"rendered":"La huelga en el Consorcio Haurreskolak ha tenido un amplio seguimiento, similar al de ayer"},"content":{"rendered":"\n<p>La huelga convocada por LAB, STEILAS y ELA ha tenido por segundo d\u00eda consecutivo un seguimiento superior al 85%.<\/p>\n\n\n\n<p>Ayer en Eibar nos manifestamos cientos de educadoras y personal del \u00e1rea de gesti\u00f3n. Hoy tambi\u00e9n nos hemos reunido en las concentraciones convocadas en las Delegaciones de Educaci\u00f3n de Bilbo, Donostia y Gasteiz.<\/p>\n\n\n\n<p>Una vez m\u00e1s, debido a los abusivos servicios m\u00ednimos establecidos por el Gobierno Vasco, se ha denegado el derecho de huelga a decenas de educadoras y educadores infantiles; sobre todo al personal de las Haurreskolas peque\u00f1as, por lo que la huelga en s\u00ed queda condicionada.<\/p>\n\n\n\n<p>En estos dos d\u00edas de huelga, hemos denunciado que hace 16 a\u00f1os que el convenio caduc\u00f3. Hemos dicho claramente que es hora de proponer medidas para aliviar las cargas laborales, medidas para rejuvenecer la plantilla, para consolidar y garantizar el empleo p\u00fablico, para recuperar el poder adquisitivo, para garantizar tanto la salud laboral, como el euskera y la coeducaci\u00f3n.<\/p>\n\n\n\n<p>Y, si no hubiera respuesta a estas reivindicaciones, tenemos fuerza suficiente para continuar con las huelgas. Por lo tanto, pedimos al Consorcio Haurreskolak y al Departamento de Educaci\u00f3n que abandonen las estrategias para desactivar las huelgas y que hagan propuestas que respondan a las demandas anteriormente mencionadas. Para reforzar la educaci\u00f3n p\u00fablica es imprescindible aumentar la inversi\u00f3n, dotarla de recursos y mejorar las condiciones laborales.<\/p>\n\n\n\n<p>1.500 educadoras infantiles y trabajadoras del \u00e1rea de gesti\u00f3n est\u00e1n llamadas a la huelga de hoy. Es destacable que hoy tambi\u00e9n numerosas haurreskolas hayan apoyado al 100% la huelga, por ejemplo:<\/p>\n\n\n\n<p>Araba: En Gasteiz, Aranbizkarra, Henrike Kn\u00f6rr y Arana; en Agurain y en Alegr\u00eda-Dulantzi.<\/p>\n\n\n\n<p>Bizkaia: En Bilbo, Zamakola y Arangoiti, en Durango y en Getxo.<\/p>\n\n\n\n<p>Gipuzkoa: En Donostia Loiola, Villabona y en Eibar Arrateko Andra Mari.<\/p>\n\n\n\n<p>Las huelgas bajo el lema \u201c\u00a1Mejora de las condiciones laborales, decidido aqu\u00ed y ahora!\u201d han sido un \u00e9xito. En caso de no llegar a un acuerdo, les daremos continuidad en las huelgas convocadas para los d\u00edas 12 y 13 de febrero.<\/p>\n\n\n\n<p>La din\u00e1mica de huelga iniciada por el profesorado de la educaci\u00f3n p\u00fablica y a la que en estos dos d\u00edas hemos dado continuidad las trabajadoras de haurreskolak, ma\u00f1ana y pasado seguir\u00e1 con las huelgas llamadas en el colectivo de cocina y limpieza del departamento de Educaci\u00f3n. Desde aqu\u00ed les enviamos mucho \u00e1nimo.<\/p>\n","protected":false},"excerpt":{"rendered":"<p>La huelga convocada por LAB, STEILAS y ELA ha tenido por segundo d\u00eda consecutivo un seguimiento superior al 85%.<\/p>\n","protected":false},"author":1191,"featured_media":77725,"comment_status":"closed","ping_status":"closed","sticky":false,"template":"","format":"standard","meta":{"_monsterinsights_skip_tracking":false,"_monsterinsights_sitenote_active":false,"_monsterinsights_sitenote_note":"","_monsterinsights_sitenote_category":0,"footnotes":"","_links_to":"","_links_to_target":""},"categories":[18,33,2867,3054,6],"tags":[3033,3178,3194,5166,5165,3171],"class_list":{"0":"post-77728","1":"post","2":"type-post","3":"status-publish","4":"format-standard","5":"has-post-thumbnail","7":"category-es-accion-sindical","8":"category-es-ensenanza","9":"category-federaciones","10":"category-haur-eskola","11":"category-es-servicios-publicos","12":"tag-accion-sindical-es","13":"tag-destacado-1","14":"tag-ensenanza-es","15":"tag-escuelas-infantiles","16":"tag-haurreskolas","17":"tag-servicios-publicos-es"},"_links":{"self":[{"href":"https:\/\/www.lab.eus\/es\/wp-json\/wp\/v2\/posts\/77728","targetHints":{"allow":["GET"]}}],"collection":[{"href":"https:\/\/www.lab.eus\/es\/wp-json\/wp\/v2\/posts"}],"about":[{"href":"https:\/\/www.lab.eus\/es\/wp-json\/wp\/v2\/types\/post"}],"author":[{"embeddable":true,"href":"https:\/\/www.lab.eus\/es\/wp-json\/wp\/v2\/users\/1191"}],"replies":[{"embeddable":true,"href":"https:\/\/www.lab.eus\/es\/wp-json\/wp\/v2\/comments?post=77728"}],"version-history":[{"count":1,"href":"https:\/\/www.lab.eus\/es\/wp-json\/wp\/v2\/posts\/77728\/revisions"}],"predecessor-version":[{"id":77729,"href":"https:\/\/www.lab.eus\/es\/wp-json\/wp\/v2\/posts\/77728\/revisions\/77729"}],"wp:featuredmedia":[{"embeddable":true,"href":"https:\/\/www.lab.eus\/es\/wp-json\/wp\/v2\/media\/77725"}],"wp:attachment":[{"href":"https:\/\/www.lab.eus\/es\/wp-json\/wp\/v2\/media?parent=77728"}],"wp:term":[{"taxonomy":"category","embeddable":true,"href":"https:\/\/www.lab.eus\/es\/wp-json\/wp\/v2\/categories?post=77728"},{"taxonomy":"post_tag","embeddable":true,"href":"https:\/\/www.lab.eus\/es\/wp-json\/wp\/v2\/tags?post=77728"}],"curies":[{"name":"wp","href":"https:\/\/api.w.org\/{rel}","templated":true}]}}