{"id":77496,"date":"2025-01-22T11:21:18","date_gmt":"2025-01-22T11:21:18","guid":{"rendered":"https:\/\/www.lab.eus\/?p=77496"},"modified":"2025-01-22T11:31:53","modified_gmt":"2025-01-22T11:31:53","slug":"la-huelga-del-profesorado-de-la-ensenanza-publica-de-la-cav-registra-un-seguimiento-de-mas-del-75","status":"publish","type":"post","link":"https:\/\/www.lab.eus\/es\/la-huelga-del-profesorado-de-la-ensenanza-publica-de-la-cav-registra-un-seguimiento-de-mas-del-75\/","title":{"rendered":"La huelga del profesorado de la ense\u00f1anza p\u00fablica de la CAV registra un seguimiento de m\u00e1s del 75%"},"content":{"rendered":"\n<p>La huelga convocada por LAB, STEILAS, ELA y CCOO ha tenido un amplio seguimiento. 27.000 profesores y profesoras del Departamento de Educaci\u00f3n de la CAPV estaban convocadas a la huelga de hoy.<\/p>\n\n\n\n<p>A pesar del intento del Departamento de Educaci\u00f3n de distorsionar la huelga, seg\u00fan los datos recogidos por los sindicatos, la huelga ha tenido un amplio seguimiento, ya que ha sido secundada por m\u00e1s del 75% de las personas convocadas, aunque, una vez m\u00e1s, hay que denunciar que se trata de servicios m\u00ednimos abusivos establecidos por el Gobierno Vasco y que se ha denegado el derecho de huelga a miles de trabajadores y trabajadoras, por lo que la huelga ha estado condicionada.<\/p>\n\n\n\n<p>Son destacables los siguientes centros escolares que, debido al gran n\u00famero de profesores que han apoyado la huelga, han tenido paralizada su actividad docente casi en su totalidad:<\/p>\n\n\n\n<p>Gasteiz: Salburua HLHH (90%); Mariturri (88%); Lopez de Guere\u00f1u (82%) y Zabalgana BHI (80%); Toki Eder (74,6%);<br>Donostia: Amara Berri Urbieta (100%); Amassorrain (87%); Aitor Ikastola (87%); Lauaizeta BHI (84%) e Intxaurrondo ikastola (80%).<br>Bilbo: Atxuriko eskola (100%); Txurdinaga HHLH (100%) y S\u00e1nchez Marcos (80%).<\/p>\n\n\n\n<p>Adem\u00e1s de las capitales, la respuesta en los centros escolares de los pueblos de Araba, Bizkaia y Gipuzkoa est\u00e1 siendo ejemplar.<\/p>\n\n\n\n<p>Un claro ejemplo del \u00e9xito de la huelga es que en la manifestaci\u00f3n convocada en Bilbao bajo el lema \u201cLan baldintzak hobetu, hemen eta orain erabakita!\u201d han participado miles de trabajadores y trabajadoras.<\/p>\n\n\n\n<p>Por lo tanto, miles y miles de profesores y profesoras han denunciado que, a pesar de que hoy tenemos un nuevo Departamento de Educaci\u00f3n en la CAV, tenemos sobre la mesa la misma forma de actuar de los \u00faltimos a\u00f1os: las condiciones laborales de los trabajadores y trabajadoras de Educaci\u00f3n est\u00e1n empeorando, ya que el Departamento de Educaci\u00f3n toma decisiones unilateralmente y las negociaciones se prolongan sin contenido significativo.<\/p>\n\n\n\n<p>Piden al departamento de Educaci\u00f3n que deje de convocar reuniones sin contenido y que aporte propuestas que respondan a las reivindicaciones de estas huelgas.<\/p>\n\n\n\n<p>Dando continuidad a la jornada de hoy, ma\u00f1ana tambi\u00e9n convocan una jornada de huelga del profesorado de educaci\u00f3n p\u00fablica de la CAPV, y realizar\u00e1n manifestaciones en las tres capitales vascas, partiendo a las 11:30 de la ma\u00f1ana. En Bilbao desde la sede del Gobierno Vasco, en Donostia por el Boulevard y en Gasteiz por la Plaza Bilbo.<\/p>\n","protected":false},"excerpt":{"rendered":"<p>La huelga convocada por LAB, STEILAS, ELA y CCOO ha tenido un amplio seguimiento. 27.000 profesores y profesoras del Departamento de Educaci\u00f3n de la CAPV estaban convocadas a la huelga de hoy.<\/p>\n","protected":false},"author":1191,"featured_media":77494,"comment_status":"closed","ping_status":"closed","sticky":false,"template":"","format":"standard","meta":{"_monsterinsights_skip_tracking":false,"_monsterinsights_sitenote_active":false,"_monsterinsights_sitenote_note":"","_monsterinsights_sitenote_category":0,"footnotes":"","_links_to":"","_links_to_target":""},"categories":[18,33,2867,6],"tags":[3033,3178,3194,3066,3171],"class_list":{"0":"post-77496","1":"post","2":"type-post","3":"status-publish","4":"format-standard","5":"has-post-thumbnail","7":"category-es-accion-sindical","8":"category-es-ensenanza","9":"category-federaciones","10":"category-es-servicios-publicos","11":"tag-accion-sindical-es","12":"tag-destacado-1","13":"tag-ensenanza-es","14":"tag-federaciones-es","15":"tag-servicios-publicos-es"},"_links":{"self":[{"href":"https:\/\/www.lab.eus\/es\/wp-json\/wp\/v2\/posts\/77496","targetHints":{"allow":["GET"]}}],"collection":[{"href":"https:\/\/www.lab.eus\/es\/wp-json\/wp\/v2\/posts"}],"about":[{"href":"https:\/\/www.lab.eus\/es\/wp-json\/wp\/v2\/types\/post"}],"author":[{"embeddable":true,"href":"https:\/\/www.lab.eus\/es\/wp-json\/wp\/v2\/users\/1191"}],"replies":[{"embeddable":true,"href":"https:\/\/www.lab.eus\/es\/wp-json\/wp\/v2\/comments?post=77496"}],"version-history":[{"count":2,"href":"https:\/\/www.lab.eus\/es\/wp-json\/wp\/v2\/posts\/77496\/revisions"}],"predecessor-version":[{"id":77504,"href":"https:\/\/www.lab.eus\/es\/wp-json\/wp\/v2\/posts\/77496\/revisions\/77504"}],"wp:featuredmedia":[{"embeddable":true,"href":"https:\/\/www.lab.eus\/es\/wp-json\/wp\/v2\/media\/77494"}],"wp:attachment":[{"href":"https:\/\/www.lab.eus\/es\/wp-json\/wp\/v2\/media?parent=77496"}],"wp:term":[{"taxonomy":"category","embeddable":true,"href":"https:\/\/www.lab.eus\/es\/wp-json\/wp\/v2\/categories?post=77496"},{"taxonomy":"post_tag","embeddable":true,"href":"https:\/\/www.lab.eus\/es\/wp-json\/wp\/v2\/tags?post=77496"}],"curies":[{"name":"wp","href":"https:\/\/api.w.org\/{rel}","templated":true}]}}