{"id":77490,"date":"2025-01-22T11:01:07","date_gmt":"2025-01-22T11:01:07","guid":{"rendered":"https:\/\/www.lab.eus\/?p=77490"},"modified":"2025-01-22T11:01:10","modified_gmt":"2025-01-22T11:01:10","slug":"lab-denuncia-rotundamente-el-cierre-de-guardian","status":"publish","type":"post","link":"https:\/\/www.lab.eus\/es\/lab-denuncia-rotundamente-el-cierre-de-guardian\/","title":{"rendered":"LAB denuncia rotundamente el cierre de Guardian"},"content":{"rendered":"\n<p>Desde el sindicato LAB queremos denunciar con total rotundidad el ERE de extinci\u00f3n que presentar\u00e1 Guardian, lo que supondr\u00e1 el despido de 171 trabajadores y trabajadoras, con el impacto devastador que esto tendr\u00e1 para la comarca de Aiaraldea y las familias afectadas.<\/p>\n\n\n\n<p>Tal y como ya advertimos desde LAB, esta es una decisi\u00f3n que Guardian hab\u00eda tomado hace tiempo con una hoja de ruta marcada que empez\u00f3 con deslocalizar las actividades m\u00e1s rentables y luego vender la parte de Glavista a un fondo buitre. Una vez m\u00e1s, queda claro que esta multinacional prioriza sus intereses econ\u00f3micos por encima de las vidas humanas. Lo que ahora est\u00e1 ocurriendo con Guardian sigue exactamente la misma l\u00ednea de lo que ya sucedi\u00f3 con Glavista, a pesar de que desde nuestro sindicato denunciamos que ambas empresas son viables.<\/p>\n\n\n\n<p>Es importante recalcar que LAB no acepta el falso relato que ha presentado Guardian y no cree que existen razones objetivas fiables para justificar el cierre m\u00e1s all\u00e1 de la rentabilidad. Por ello, exigimos a todas las instituciones competentes, y especialmente al Gobierno Vasco, que utilicen todos los mecanismos a su alcance para revertir esta situaci\u00f3n y garantizar un presente y un futuro para Guardian. No se puede permitir que empresas que reciben subvenciones p\u00fablicas adopten decisiones arbitrarias que destruyen empleo y precarizan nuestras comarcas.<\/p>\n\n\n\n<p>Desde LAB, nos estamos organizando conjuntamente y utilizaremos todas las herramientas a nuestro alcance para paralizar este cierre y garantizar un futuro para la clase trabajadora de Aiaraldea.<\/p>\n\n\n\n<p>Desde el principio, se\u00f1alamos que la lucha deb\u00eda activarse desde que Guardian empez\u00f3 a tomar decisiones orientadas a este desenlace. Es inadmisible que se contin\u00fae anteponiendo los beneficios econ\u00f3micos al bienestar de las y los trabajadores, sus familias y toda la comarca.<\/p>\n\n\n\n<p>Para terminar, hacemos un llamamiento a todas las personas trabajadoras y a la sociedad en general a unirse a esta lucha para defender un presente y un futuro para nuestra comarca.<\/p>\n\n\n\n<p>No al ERE de extinci\u00f3n en Guardian. \u00a1La lucha sigue activa!<\/p>\n\n\n\n<p>En lucha por el futuro de Aiaraldea.<\/p>\n\n\n\n<p><\/p>\n","protected":false},"excerpt":{"rendered":"<p>Desde el sindicato LAB queremos denunciar con total rotundidad el ERE de extinci\u00f3n que presentar\u00e1 Guardian, lo que supondr\u00e1 el despido de 171 trabajadores y trabajadoras, con el impacto devastador que esto tendr\u00e1 para la comarca de Aiaraldea y las familias afectadas.<\/p>\n","protected":false},"author":1191,"featured_media":77488,"comment_status":"closed","ping_status":"closed","sticky":false,"template":"","format":"standard","meta":{"_monsterinsights_skip_tracking":false,"_monsterinsights_sitenote_active":false,"_monsterinsights_sitenote_note":"","_monsterinsights_sitenote_category":0,"footnotes":"","_links_to":"","_links_to_target":""},"categories":[18,2867,2868,98],"tags":[3033,3178,561,2996,3265],"class_list":{"0":"post-77490","1":"post","2":"type-post","3":"status-publish","4":"format-standard","5":"has-post-thumbnail","7":"category-es-accion-sindical","8":"category-federaciones","9":"category-industria-es","10":"category-es-industria-quimica","11":"tag-accion-sindical-es","12":"tag-destacado-1","13":"tag-guardian","14":"tag-industria-es","15":"tag-industria-quimica-es"},"_links":{"self":[{"href":"https:\/\/www.lab.eus\/es\/wp-json\/wp\/v2\/posts\/77490","targetHints":{"allow":["GET"]}}],"collection":[{"href":"https:\/\/www.lab.eus\/es\/wp-json\/wp\/v2\/posts"}],"about":[{"href":"https:\/\/www.lab.eus\/es\/wp-json\/wp\/v2\/types\/post"}],"author":[{"embeddable":true,"href":"https:\/\/www.lab.eus\/es\/wp-json\/wp\/v2\/users\/1191"}],"replies":[{"embeddable":true,"href":"https:\/\/www.lab.eus\/es\/wp-json\/wp\/v2\/comments?post=77490"}],"version-history":[{"count":1,"href":"https:\/\/www.lab.eus\/es\/wp-json\/wp\/v2\/posts\/77490\/revisions"}],"predecessor-version":[{"id":77491,"href":"https:\/\/www.lab.eus\/es\/wp-json\/wp\/v2\/posts\/77490\/revisions\/77491"}],"wp:featuredmedia":[{"embeddable":true,"href":"https:\/\/www.lab.eus\/es\/wp-json\/wp\/v2\/media\/77488"}],"wp:attachment":[{"href":"https:\/\/www.lab.eus\/es\/wp-json\/wp\/v2\/media?parent=77490"}],"wp:term":[{"taxonomy":"category","embeddable":true,"href":"https:\/\/www.lab.eus\/es\/wp-json\/wp\/v2\/categories?post=77490"},{"taxonomy":"post_tag","embeddable":true,"href":"https:\/\/www.lab.eus\/es\/wp-json\/wp\/v2\/tags?post=77490"}],"curies":[{"name":"wp","href":"https:\/\/api.w.org\/{rel}","templated":true}]}}