{"id":77435,"date":"2025-01-20T12:53:19","date_gmt":"2025-01-20T12:53:19","guid":{"rendered":"https:\/\/www.lab.eus\/?p=77435"},"modified":"2025-01-20T12:53:20","modified_gmt":"2025-01-20T12:53:20","slug":"las-trabajadoras-de-hogar-de-nafarroa-celebraron-una-asamblea-abierta-el-sabado-en-nuestra-sede-de-irunea","status":"publish","type":"post","link":"https:\/\/www.lab.eus\/es\/las-trabajadoras-de-hogar-de-nafarroa-celebraron-una-asamblea-abierta-el-sabado-en-nuestra-sede-de-irunea\/","title":{"rendered":"Las trabajadoras de hogar de Nafarroa celebraron una asamblea abierta el s\u00e1bado en nuestra sede de Iru\u00f1ea"},"content":{"rendered":"\n<p>Est\u00e1n decididas a organizarse y demandar juntas los derechos que les han negado durante muchos a\u00f1os. Adem\u00e1s de en Nafarroa, LAB tambi\u00e9n ha organizado espacios similares tanto en Bizkaia como en Gipuzkoa<\/p>\n\n\n\n<p>La asamblea abierta es un primer paso para decidir las acciones que realizar\u00e1n con el respaldo del sindicato. Los domicilios no ser\u00e1n el \u00fanico sitio en el que las ver\u00e1n y escuchar\u00e1n.<\/p>\n\n\n\n<p>\u00a1Viva la lucha de las trabajadoras de hogar!<\/p>\n\n\n\n<figure class=\"wp-block-gallery has-nested-images columns-default is-cropped wp-block-gallery-1 is-layout-flex wp-block-gallery-is-layout-flex\">\n<figure class=\"wp-block-image size-large\"><img loading=\"lazy\" decoding=\"async\" width=\"1024\" height=\"560\" data-id=\"77434\" src=\"https:\/\/www.lab.eus\/wp-content\/uploads\/2025\/01\/2025-01-18-LAB-etxeko-langileak-Irunea_2-1-1024x560.jpeg\" alt=\"\" class=\"wp-image-77434\" srcset=\"https:\/\/www.lab.eus\/wp-content\/uploads\/2025\/01\/2025-01-18-LAB-etxeko-langileak-Irunea_2-1-1024x560.jpeg 1024w, https:\/\/www.lab.eus\/wp-content\/uploads\/2025\/01\/2025-01-18-LAB-etxeko-langileak-Irunea_2-1-300x164.jpeg 300w, https:\/\/www.lab.eus\/wp-content\/uploads\/2025\/01\/2025-01-18-LAB-etxeko-langileak-Irunea_2-1-768x420.jpeg 768w, https:\/\/www.lab.eus\/wp-content\/uploads\/2025\/01\/2025-01-18-LAB-etxeko-langileak-Irunea_2-1-1536x839.jpeg 1536w, https:\/\/www.lab.eus\/wp-content\/uploads\/2025\/01\/2025-01-18-LAB-etxeko-langileak-Irunea_2-1-150x82.jpeg 150w, https:\/\/www.lab.eus\/wp-content\/uploads\/2025\/01\/2025-01-18-LAB-etxeko-langileak-Irunea_2-1-696x380.jpeg 696w, https:\/\/www.lab.eus\/wp-content\/uploads\/2025\/01\/2025-01-18-LAB-etxeko-langileak-Irunea_2-1-1068x584.jpeg 1068w, https:\/\/www.lab.eus\/wp-content\/uploads\/2025\/01\/2025-01-18-LAB-etxeko-langileak-Irunea_2-1.jpeg 1541w\" sizes=\"auto, (max-width: 1024px) 100vw, 1024px\" \/><\/figure>\n<\/figure>\n","protected":false},"excerpt":{"rendered":"<p>Est\u00e1n decididas a organizarse y demandar juntas los derechos que les han negado durante muchos a\u00f1os. Adem\u00e1s de en Nafarroa, LAB tambi\u00e9n ha organizado espacios similares tanto en Bizkaia como en Gipuzkoa<\/p>\n","protected":false},"author":1191,"featured_media":77429,"comment_status":"closed","ping_status":"closed","sticky":false,"template":"","format":"standard","meta":{"_monsterinsights_skip_tracking":false,"_monsterinsights_sitenote_active":false,"_monsterinsights_sitenote_note":"","_monsterinsights_sitenote_category":0,"footnotes":"","_links_to":"","_links_to_target":""},"categories":[18,2867,3000,6],"tags":[3033,3178,3066,3272,3544],"class_list":{"0":"post-77435","1":"post","2":"type-post","3":"status-publish","4":"format-standard","5":"has-post-thumbnail","7":"category-es-accion-sindical","8":"category-federaciones","9":"category-servicio-sociocomunitario","10":"category-es-servicios-publicos","11":"tag-accion-sindical-es","12":"tag-destacado-1","13":"tag-federaciones-es","14":"tag-sociocomunitario-es","15":"tag-trabajadoras-de-hogar"},"_links":{"self":[{"href":"https:\/\/www.lab.eus\/es\/wp-json\/wp\/v2\/posts\/77435","targetHints":{"allow":["GET"]}}],"collection":[{"href":"https:\/\/www.lab.eus\/es\/wp-json\/wp\/v2\/posts"}],"about":[{"href":"https:\/\/www.lab.eus\/es\/wp-json\/wp\/v2\/types\/post"}],"author":[{"embeddable":true,"href":"https:\/\/www.lab.eus\/es\/wp-json\/wp\/v2\/users\/1191"}],"replies":[{"embeddable":true,"href":"https:\/\/www.lab.eus\/es\/wp-json\/wp\/v2\/comments?post=77435"}],"version-history":[{"count":1,"href":"https:\/\/www.lab.eus\/es\/wp-json\/wp\/v2\/posts\/77435\/revisions"}],"predecessor-version":[{"id":77438,"href":"https:\/\/www.lab.eus\/es\/wp-json\/wp\/v2\/posts\/77435\/revisions\/77438"}],"wp:featuredmedia":[{"embeddable":true,"href":"https:\/\/www.lab.eus\/es\/wp-json\/wp\/v2\/media\/77429"}],"wp:attachment":[{"href":"https:\/\/www.lab.eus\/es\/wp-json\/wp\/v2\/media?parent=77435"}],"wp:term":[{"taxonomy":"category","embeddable":true,"href":"https:\/\/www.lab.eus\/es\/wp-json\/wp\/v2\/categories?post=77435"},{"taxonomy":"post_tag","embeddable":true,"href":"https:\/\/www.lab.eus\/es\/wp-json\/wp\/v2\/tags?post=77435"}],"curies":[{"name":"wp","href":"https:\/\/api.w.org\/{rel}","templated":true}]}}