{"id":77355,"date":"2025-01-16T14:32:41","date_gmt":"2025-01-16T14:32:41","guid":{"rendered":"https:\/\/www.lab.eus\/?p=77355"},"modified":"2025-01-16T14:32:43","modified_gmt":"2025-01-16T14:32:43","slug":"la-campana-jaccuse-ya-ha-recogido-mas-de-1-000-autoinculpaciones-y-realiza-un-llamamiento-a-participar-de-manera-masiva-en-la-manifestacion-que-partira-desde-irun-el-26-de-enero","status":"publish","type":"post","link":"https:\/\/www.lab.eus\/es\/la-campana-jaccuse-ya-ha-recogido-mas-de-1-000-autoinculpaciones-y-realiza-un-llamamiento-a-participar-de-manera-masiva-en-la-manifestacion-que-partira-desde-irun-el-26-de-enero\/","title":{"rendered":"La campa\u00f1a \u00abJ\u2019accuse\u00bb ya ha recogido m\u00e1s de 1.000 autoinculpaciones y realiza un llamamiento a participar de manera masiva en la manifestaci\u00f3n que partir\u00e1 desde Irun el 26 de enero"},"content":{"rendered":"\n<p>Denuncian las pol\u00edticas migratorias racistas y asesinas y piden la retirada de la acusaci\u00f3n a los activistas que ser\u00e1n juzgados por pasar la frontera acompa\u00f1ando 36 personas en su proceso migratorio el d\u00eda de Korrika. Decenas de agentes y personas se han sumado a la campa\u00f1a de autoinculpaci\u00f3n <a href=\"https:\/\/www.lab.eus\/es\/manifestacion-el-26-de-enero-y-campana-de-autoinculpaciones-bajo-el-lema-jaccuse-por-el-derecho-a-migrar\/\">iniciada a finales de noviembre <\/a>para acusar las pol\u00edticas migratorias tanto europeas como de los Estados franc\u00e9s y espa\u00f1ol.<\/p>\n\n\n\n<p>El 28 de enero en el juzgado de Baiona 7 activistas se enfrentan a la acusaci\u00f3n de pertenencia a grupo organizado y de dar amparo a personas migrantes en su proceso de migraci\u00f3n. El juicio contra estas personas se centra en la acci\u00f3n de acompa\u00f1ar en el puente entre Irun y Hendaia a 36 personas en su proceso migratorio coincidienco con el paso de Korrika en 2024.<\/p>\n\n\n\n<p>Esta acci\u00f3n fue asumida por decenas de agentes sindicales, sociales y pol\u00edticos para \u00abreivindicar que mediante esta acci\u00f3n de desobediencia Euskal Herria demuestra que quiere ser un Pueblo de Acogida\u00bb. De hecho, son al menos 9 las personas que han fallecido en su proceso migratorio al cruzar la frontera del Bidasoa. Quienes se han organizado entorno a la plataforma <em>J&#8217;accuse<\/em> han responsabilizado de esta situaci\u00f3n a las pol\u00edticas migratorias racistas y asesinas europeas: \u00abCada seis meses el Gobierno franc\u00e9s inventa una nueva excusa para cerrar la frontera. As\u00ed, establece controles racistas y persigue el proceso migratorio de miles de personas llenando esta camino de obst\u00e1culos y muchas veces, conden\u00e1ndolas a morir \u00ab.<\/p>\n\n\n\n<p>Es conocido que en torno a Irun y Hendaia hay centenares de voluntarios y voluntarias comprometidas que organizan la solidaridad y hacen frente a las inhumanas pol\u00edticas migratorias. Son personas activistas y comprometidas que defienden y dedican esfuerzo a construir condiciones de un tr\u00e1nsito seguro frente al acoso de las autoridades pol\u00edticas. Sus leyes y la polic\u00edas. \u00abReivindicamos acabar con estas fronteras y tender puentes\u00bb.<\/p>\n\n\n\n<p>Por eso, con motivo del juicio, se han reunido decenas de agentes y han puesto en marcha la campa\u00f1a <em>J\u2019accuse<\/em>: para reclamar que son las pol\u00edticas migratorias y las autoridades que est\u00e1n detr\u00e1s quienes deber\u00edan estar en el banquillo de los acusados.<\/p>\n\n\n\n<p>Ya han recibido el apoyo de m\u00e1s de 1.000 personas y agentes que, de forma f\u00edsica y presencial, se han sumado aportando su nombre, apellidos y carn\u00e9 de identidad. \u00abTodav\u00eda cabe la posibilidad de firmar, incluso en la movilizaci\u00f3n masiva que haremos el domingo 26 de enero\u00bb. As\u00ed pues, dos d\u00edas antes del juicio, el 26 de enero, se ha convocado una manifestaci\u00f3n que saldr\u00e1 de Ficoba a las 11:30 de la ma\u00f1ana. Se est\u00e1n organizando autobuses desde diferentes rincones de Euskal Herria, como Bilbo, Iru\u00f1ea o algunas comarcas.<\/p>\n\n\n\n<p>\u00abEl 26 de enero seremos miles quienes cruzaremos la frontera del Bidasoa para denunciar las actuales pol\u00edticas migratorias.\u00bb Asimismo, se abrir\u00e1 la posibilidad de colaborar en la financiaci\u00f3n de la campa\u00f1a -la forma concreta se dar\u00e1 a conocer en la manifestaci\u00f3n- y han adelantado que, el d\u00eda del juicio, tambi\u00e9n se movilizar\u00e1n ante el juzgado de Baiona a las 13:00 para llevar a sus puertas todas las autoinculpaciones recogidas.<\/p>\n","protected":false},"excerpt":{"rendered":"<p>Denuncian las pol\u00edticas migratorias racistas y asesinas y piden la retirada de la acusaci\u00f3n a los activistas que ser\u00e1n juzgados por pasar la frontera acompa\u00f1ando 36 personas en su proceso migratorio el d\u00eda de Korrika. Decenas de agentes y personas se han sumado a la campa\u00f1a de autoinculpaci\u00f3n iniciada a finales de noviembre para acusar las pol\u00edticas migratorias tanto europeas como de los Estados franc\u00e9s y espa\u00f1ol.<\/p>\n","protected":false},"author":1191,"featured_media":77353,"comment_status":"closed","ping_status":"closed","sticky":false,"template":"","format":"standard","meta":{"_monsterinsights_skip_tracking":false,"_monsterinsights_sitenote_active":false,"_monsterinsights_sitenote_note":"","_monsterinsights_sitenote_category":0,"footnotes":"","_links_to":"","_links_to_target":""},"categories":[2994,2973],"tags":[3034,3182,3177,3178,5139,5078,3540,3623,4119],"class_list":{"0":"post-77355","1":"post","2":"type-post","3":"status-publish","4":"format-standard","5":"has-post-thumbnail","7":"category-accion-social","8":"category-secretarias","9":"tag-accion-social","10":"tag-accion-social-es","11":"tag-destacado","12":"tag-destacado-1","13":"tag-euskal-herria-pueblo-de-acogida","14":"tag-jaccuse","15":"tag-migraciones","16":"tag-secretaria-antirracista","17":"tag-secretaria-antirracista-es"},"_links":{"self":[{"href":"https:\/\/www.lab.eus\/es\/wp-json\/wp\/v2\/posts\/77355","targetHints":{"allow":["GET"]}}],"collection":[{"href":"https:\/\/www.lab.eus\/es\/wp-json\/wp\/v2\/posts"}],"about":[{"href":"https:\/\/www.lab.eus\/es\/wp-json\/wp\/v2\/types\/post"}],"author":[{"embeddable":true,"href":"https:\/\/www.lab.eus\/es\/wp-json\/wp\/v2\/users\/1191"}],"replies":[{"embeddable":true,"href":"https:\/\/www.lab.eus\/es\/wp-json\/wp\/v2\/comments?post=77355"}],"version-history":[{"count":1,"href":"https:\/\/www.lab.eus\/es\/wp-json\/wp\/v2\/posts\/77355\/revisions"}],"predecessor-version":[{"id":77357,"href":"https:\/\/www.lab.eus\/es\/wp-json\/wp\/v2\/posts\/77355\/revisions\/77357"}],"wp:featuredmedia":[{"embeddable":true,"href":"https:\/\/www.lab.eus\/es\/wp-json\/wp\/v2\/media\/77353"}],"wp:attachment":[{"href":"https:\/\/www.lab.eus\/es\/wp-json\/wp\/v2\/media?parent=77355"}],"wp:term":[{"taxonomy":"category","embeddable":true,"href":"https:\/\/www.lab.eus\/es\/wp-json\/wp\/v2\/categories?post=77355"},{"taxonomy":"post_tag","embeddable":true,"href":"https:\/\/www.lab.eus\/es\/wp-json\/wp\/v2\/tags?post=77355"}],"curies":[{"name":"wp","href":"https:\/\/api.w.org\/{rel}","templated":true}]}}