{"id":77271,"date":"2025-01-14T15:10:00","date_gmt":"2025-01-14T15:10:00","guid":{"rendered":"https:\/\/www.lab.eus\/?p=77271"},"modified":"2025-01-14T15:10:02","modified_gmt":"2025-01-14T15:10:02","slug":"hemos-registrado-la-huelga-de-la-ensenanza-publica-navarra-del-dia-30-de-enero","status":"publish","type":"post","link":"https:\/\/www.lab.eus\/es\/hemos-registrado-la-huelga-de-la-ensenanza-publica-navarra-del-dia-30-de-enero\/","title":{"rendered":"Hemos registrado la huelga de la ense\u00f1anza p\u00fablica navarra del d\u00eda 30 de enero"},"content":{"rendered":"\n<p>La actitud del Departamento de Educaci\u00f3n sigue siendo de absoluta cerraz\u00f3n, ante la que demostraremos que, para que haya una negociaci\u00f3n real, estamos dispuestos y dispuestas a poner toda nuestra fuerza sobre la mesa.<\/p>\n\n\n\n<p>Tal y como anunciamos la primavera pasada, el inicio del curso 2024-2025 ha sido muy inusual, de confrontaci\u00f3n, y de no responder a nuestras reivindicaciones, lo seguir\u00e1 siendo. La situaci\u00f3n nos ha llevado a ello, pero el profesorado de la ense\u00f1anza p\u00fablica, con la ayuda del resto de la comunidad educativa, hemos dado como respuesta muestras de nuestra fuerza.<\/p>\n\n\n\n<p>Las huelgas de septiembre y octubre pasados no parecen haber hecho abrir los ojos al Departamento de Educaci\u00f3n. Parece que no han entendido cu\u00e1les son las necesidades reales de la ense\u00f1anza p\u00fablica en Nafarroa. Muestra de ello es que suspendi\u00f3 unilateralmente la negociaci\u00f3n que todos los sindicatos est\u00e1bamos llevando a cabo (si as\u00ed se puede llamar), con la \u00fanica intenci\u00f3n de firmar, junto a tres sindicatos, un deficiente acuerdo que no responda a las necesidades de la mayor\u00eda de los trabajadores.<\/p>\n\n\n\n<p>Por ello, el pasado 27 de noviembre, los sindicatos que conformamos la mayor\u00eda sindical (LAB, STEILAS, CCOO y ELA), tomamos la decisi\u00f3n de convocar una nueva jornada de huelga, que hemos registrado esta ma\u00f1ana en el propio Departamento de Educaci\u00f3n.<\/p>\n\n\n\n<p>En estos momentos estamos centrados en la preparaci\u00f3n de las movilizaciones, de las que daremos cuenta en los pr\u00f3ximos d\u00edas. Creemos que si vamos a conseguir mejorar las condiciones y la calidad actual de la ense\u00f1anza p\u00fablica en Nafarroa, la \u00fanica v\u00eda es la movilizaci\u00f3n; porque s\u00f3lo a trav\u00e9s de ellas se puede conseguir que el Departamento cambie de actitud.<\/p>\n\n\n\n<p>Volvemos a insistir en que estamos dispuestos y dispuestas a iniciar una negociaci\u00f3n real y a crear las condiciones necesarias para ello. Sin embargo, necesitamos una vez m\u00e1s la colaboraci\u00f3n de todos el profesorado.<\/p>\n\n\n\n<p>El pr\u00f3ximo d\u00eda 30 de enero, \u00a1docentes a la huelga!<\/p>\n","protected":false},"excerpt":{"rendered":"<p>La actitud del Departamento de Educaci\u00f3n sigue siendo de absoluta cerraz\u00f3n, ante la que demostraremos que, para que haya una negociaci\u00f3n real, estamos dispuestos y dispuestas a poner toda nuestra fuerza sobre la mesa.<\/p>\n","protected":false},"author":1191,"featured_media":77269,"comment_status":"closed","ping_status":"closed","sticky":false,"template":"","format":"standard","meta":{"_monsterinsights_skip_tracking":false,"_monsterinsights_sitenote_active":false,"_monsterinsights_sitenote_note":"","_monsterinsights_sitenote_category":0,"footnotes":"","_links_to":"","_links_to_target":""},"categories":[18,33,2867,6],"tags":[3033,3178,3194,4890,3066,3171],"class_list":{"0":"post-77271","1":"post","2":"type-post","3":"status-publish","4":"format-standard","5":"has-post-thumbnail","7":"category-es-accion-sindical","8":"category-es-ensenanza","9":"category-federaciones","10":"category-es-servicios-publicos","11":"tag-accion-sindical-es","12":"tag-destacado-1","13":"tag-ensenanza-es","14":"tag-ensenanza-publica-de-nafarroa","15":"tag-federaciones-es","16":"tag-servicios-publicos-es"},"_links":{"self":[{"href":"https:\/\/www.lab.eus\/es\/wp-json\/wp\/v2\/posts\/77271","targetHints":{"allow":["GET"]}}],"collection":[{"href":"https:\/\/www.lab.eus\/es\/wp-json\/wp\/v2\/posts"}],"about":[{"href":"https:\/\/www.lab.eus\/es\/wp-json\/wp\/v2\/types\/post"}],"author":[{"embeddable":true,"href":"https:\/\/www.lab.eus\/es\/wp-json\/wp\/v2\/users\/1191"}],"replies":[{"embeddable":true,"href":"https:\/\/www.lab.eus\/es\/wp-json\/wp\/v2\/comments?post=77271"}],"version-history":[{"count":1,"href":"https:\/\/www.lab.eus\/es\/wp-json\/wp\/v2\/posts\/77271\/revisions"}],"predecessor-version":[{"id":77272,"href":"https:\/\/www.lab.eus\/es\/wp-json\/wp\/v2\/posts\/77271\/revisions\/77272"}],"wp:featuredmedia":[{"embeddable":true,"href":"https:\/\/www.lab.eus\/es\/wp-json\/wp\/v2\/media\/77269"}],"wp:attachment":[{"href":"https:\/\/www.lab.eus\/es\/wp-json\/wp\/v2\/media?parent=77271"}],"wp:term":[{"taxonomy":"category","embeddable":true,"href":"https:\/\/www.lab.eus\/es\/wp-json\/wp\/v2\/categories?post=77271"},{"taxonomy":"post_tag","embeddable":true,"href":"https:\/\/www.lab.eus\/es\/wp-json\/wp\/v2\/tags?post=77271"}],"curies":[{"name":"wp","href":"https:\/\/api.w.org\/{rel}","templated":true}]}}