{"id":76838,"date":"2024-12-19T15:42:58","date_gmt":"2024-12-19T15:42:58","guid":{"rendered":"https:\/\/www.lab.eus\/?p=76838"},"modified":"2024-12-19T15:43:06","modified_gmt":"2024-12-19T15:43:06","slug":"las-fiestas-son-para-todas-los-derechos-tambien","status":"publish","type":"post","link":"https:\/\/www.lab.eus\/es\/las-fiestas-son-para-todas-los-derechos-tambien\/","title":{"rendered":"Las fiestas son para todas, \u00a1los derechos tambi\u00e9n!"},"content":{"rendered":"\n<p>La secci\u00f3n sindical de trabajadoras de hogar de LAB junto a Colectivos de Trabajadoras de Hogar y Cuidados de Hego Euskal Herria ha desarrollado una campa\u00f1a para reclamar los derechos de este sector durante las fiestas de Navidad y a\u00f1o nuevo, ya que consideran que en estas fechas se incrementan los abusos en las jornadas y el hecho de no respetar los derechos al descanso y disfrute de los d\u00edas festivos.<\/p>\n\n\n\n<p>Es impresionante la cantidad de casos que se denuncian por estos motivos, pero son incalculables los que no llegan a denunciarse, porque siempre persiste el miedo, el chantaje y sobre todo la presi\u00f3n que se ejerce en las trabajadoras, sobre todo en las mujeres* que est\u00e1n en regimen interno y en situaci\u00f3n administrativa irregular.<\/p>\n\n\n\n<p>Se dice popularmente que estas fiestas son para estar en familia y para gozar del calor del hogar; sin embargo para muchas trabajadoras es un derecho que est\u00e1 negado por los empleadores que exigen trabajar, para que ellos y ellas disfruten con sus respectivas familias.<\/p>\n\n\n\n<p>Nuevamente, la falta de control y regulaci\u00f3n en las jornadas de trabajo, en el disfrute de los d\u00edas festivos y las vacaciones, pone envidencia la necesidad de Convenio Colectivo que, por fin, d\u00e9 respuestas a las trabajadoras de hogar y cuidados para que puedan disfrutar de verdaderas fiestas de Navidad teniendo como regalos verdaderos derechos.<\/p>\n\n\n\n<p>Ojal\u00e1 pudieran recibir sus pagas extra como corresponde en diciembre, ojal\u00e1 no se tuvieran que reclamar los periodos de vacaciones sin disfrutar. Esto es algo que Olentzero no ha podido regalarles pero s\u00ed podr\u00edan hacerlo los ministerios encargados de ello.<\/p>\n\n\n\n<p>No m\u00e1s fiestas que se traduzcan en esclavitud y abusos en las vidas de las trabajadoras de hogar.<\/p>\n","protected":false},"excerpt":{"rendered":"<p>La secci\u00f3n sindical de trabajadoras de hogar de LAB junto a Colectivos de Trabajadoras de Hogar y Cuidados de Hego Euskal Herria ha desarrollado una campa\u00f1a para reclamar los derechos de este sector durante las fiestas de Navidad y a\u00f1o nuevo, ya que consideran que en estas fechas se incrementan los abusos en las jornadas y el hecho de no respetar los derechos al descanso y disfrute de los d\u00edas festivos.<\/p>\n","protected":false},"author":1191,"featured_media":76836,"comment_status":"closed","ping_status":"closed","sticky":false,"template":"","format":"standard","meta":{"_monsterinsights_skip_tracking":false,"_monsterinsights_sitenote_active":false,"_monsterinsights_sitenote_note":"","_monsterinsights_sitenote_category":0,"footnotes":"","_links_to":"","_links_to_target":""},"categories":[18,2867,3000,6],"tags":[3033,3178,3066,3171,3272,3544],"class_list":{"0":"post-76838","1":"post","2":"type-post","3":"status-publish","4":"format-standard","5":"has-post-thumbnail","7":"category-es-accion-sindical","8":"category-federaciones","9":"category-servicio-sociocomunitario","10":"category-es-servicios-publicos","11":"tag-accion-sindical-es","12":"tag-destacado-1","13":"tag-federaciones-es","14":"tag-servicios-publicos-es","15":"tag-sociocomunitario-es","16":"tag-trabajadoras-de-hogar"},"_links":{"self":[{"href":"https:\/\/www.lab.eus\/es\/wp-json\/wp\/v2\/posts\/76838","targetHints":{"allow":["GET"]}}],"collection":[{"href":"https:\/\/www.lab.eus\/es\/wp-json\/wp\/v2\/posts"}],"about":[{"href":"https:\/\/www.lab.eus\/es\/wp-json\/wp\/v2\/types\/post"}],"author":[{"embeddable":true,"href":"https:\/\/www.lab.eus\/es\/wp-json\/wp\/v2\/users\/1191"}],"replies":[{"embeddable":true,"href":"https:\/\/www.lab.eus\/es\/wp-json\/wp\/v2\/comments?post=76838"}],"version-history":[{"count":1,"href":"https:\/\/www.lab.eus\/es\/wp-json\/wp\/v2\/posts\/76838\/revisions"}],"predecessor-version":[{"id":76839,"href":"https:\/\/www.lab.eus\/es\/wp-json\/wp\/v2\/posts\/76838\/revisions\/76839"}],"wp:featuredmedia":[{"embeddable":true,"href":"https:\/\/www.lab.eus\/es\/wp-json\/wp\/v2\/media\/76836"}],"wp:attachment":[{"href":"https:\/\/www.lab.eus\/es\/wp-json\/wp\/v2\/media?parent=76838"}],"wp:term":[{"taxonomy":"category","embeddable":true,"href":"https:\/\/www.lab.eus\/es\/wp-json\/wp\/v2\/categories?post=76838"},{"taxonomy":"post_tag","embeddable":true,"href":"https:\/\/www.lab.eus\/es\/wp-json\/wp\/v2\/tags?post=76838"}],"curies":[{"name":"wp","href":"https:\/\/api.w.org\/{rel}","templated":true}]}}