{"id":76831,"date":"2024-12-19T12:04:49","date_gmt":"2024-12-19T12:04:49","guid":{"rendered":"https:\/\/www.lab.eus\/?p=76831"},"modified":"2024-12-19T12:04:50","modified_gmt":"2024-12-19T12:04:50","slug":"exigimos-a-la-autoridad-portuaria-que-deje-de-facilitar-el-envio-de-armas-a-israel","status":"publish","type":"post","link":"https:\/\/www.lab.eus\/es\/exigimos-a-la-autoridad-portuaria-que-deje-de-facilitar-el-envio-de-armas-a-israel\/","title":{"rendered":"Exigimos a la Autoridad Portuaria que deje de facilitar el env\u00edo de armas a Israel"},"content":{"rendered":"\n<p>El sindicato LAB ha registrado una carta ante la Autoridad Portuaria en Santurtzi exigiendo a \u00e9sta que asuma su responsabilidad en el cumplimiento de las normas de derecho internacional y que deje inmediatamente de facilitar el env\u00edo de armas y de todo y cualquier material b\u00e9lico-militar que sostiene el genocidio en Palestina y guerras en todo el mundo.<\/p>\n\n\n\n<p>La actual situaci\u00f3n en territorio palestino es de una gravedad y urgencia de primera orden y no es la primera vez que el sindicato LAB se dirige a la Autoridad Portuaria presente en territorio vasco. Ante el aumento de la escalada b\u00e9lica que ya observ\u00e1bamos con preocupaci\u00f3n entonces, hace 3 a\u00f1os LAB present\u00f3 un requerimiento para inspeccionar cargas con posible armamento con el objetivo de hacer cesar esta pr\u00e1ctica c\u00f3mplice.<\/p>\n\n\n\n<p>Sin embargo, la respuesta fue evasiva. Excus\u00e1ndose en la falta de competencia del Puerto de Bilbao, la Autoridad Portuaria, cuya competencia es estatal, ha seguido permitiendo el env\u00edo y el tr\u00e1nsito de materiales que son utilizados para matar personas y para la comisi\u00f3n de cr\u00edmenes de guerra, cr\u00edmenes de lesa humanidad o cr\u00edmenes de genocidio, como estamos observando estos meses en Palestina.<\/p>\n\n\n\n<p>Aunque la violaci\u00f3n de los derechos del pueblo palestino es una constante en las \u00faltimas d\u00e9cadas debido a la colonizaci\u00f3n de su territorio y la imposici\u00f3n a su poblaci\u00f3n de un sistema de <em>apartheid<\/em>, desde el pasado 7 de octubre de 2023, el gobierno israel\u00ed est\u00e1 llevando a cabo una brutal y violenta campa\u00f1a contra esta poblaci\u00f3n. A pesar de las incansables denuncias internacionales, siguen registr\u00e1ndose incontables matanzas, en su mayor\u00eda de civiles, y sobre todo de ni\u00f1as y ni\u00f1os.<\/p>\n\n\n\n<p>La ley espa\u00f1ola 53\/2007 establece su pleno compromiso con el Tratado Internacional sobre Comercio de Armas, que proh\u00edbe las transferencias \u2014lo que incluye el tr\u00e1nsito\u2014 de material militar a destinatarios que puedan usarlo para cometer cr\u00edmenes de guerra como ataques a civiles, cr\u00edmenes de lesa humanidad o genocidio, lo que sit\u00faa a Israel como un destino no compatible con dicho Tratado. La propia transferencia de poblaci\u00f3n del Estado ocupante \u2013Israel\u2013 al territorio palestino ocupado constituye un crimen de guerra, seg\u00fan muchas y muchos juristas expertos en Derecho Internacional.<\/p>\n\n\n\n<p>Adem\u00e1s, la resoluci\u00f3n de la Asamblea de la ONU aprobada en septiembre con 124 votos a favor, incluido el del Estado espa\u00f1ol, ordena la suspensi\u00f3n de las inversiones, del comercio y de las transferencias -lo que incluye el tr\u00e1nsito- que puedan contribuir a la ocupaci\u00f3n ilegal israel\u00ed o usarse como material militar en los territorios palestinos que intentan borrar del mapa geopol\u00edtico. Por otro lado, conviene recordar que el 16 de mayo de 2024, el Gobierno del Estado espa\u00f1ol anunci\u00f3 que prohibir\u00eda atracar en sus puertos a los buques cargados con material militar con destino a Israel.<\/p>\n\n\n\n<figure class=\"wp-block-gallery has-nested-images columns-default is-cropped wp-block-gallery-1 is-layout-flex wp-block-gallery-is-layout-flex\">\n<figure class=\"wp-block-image size-large\"><img loading=\"lazy\" decoding=\"async\" width=\"721\" height=\"594\" data-id=\"76829\" src=\"https:\/\/www.lab.eus\/wp-content\/uploads\/2024\/12\/2024-12-18-Portu-Agintaritza_4.jpg\" alt=\"\" class=\"wp-image-76829\" srcset=\"https:\/\/www.lab.eus\/wp-content\/uploads\/2024\/12\/2024-12-18-Portu-Agintaritza_4.jpg 721w, https:\/\/www.lab.eus\/wp-content\/uploads\/2024\/12\/2024-12-18-Portu-Agintaritza_4-300x247.jpg 300w, https:\/\/www.lab.eus\/wp-content\/uploads\/2024\/12\/2024-12-18-Portu-Agintaritza_4-150x124.jpg 150w, https:\/\/www.lab.eus\/wp-content\/uploads\/2024\/12\/2024-12-18-Portu-Agintaritza_4-696x573.jpg 696w\" sizes=\"auto, (max-width: 721px) 100vw, 721px\" \/><\/figure>\n\n\n\n<figure class=\"wp-block-image size-large\"><img loading=\"lazy\" decoding=\"async\" width=\"1024\" height=\"683\" data-id=\"76827\" src=\"https:\/\/www.lab.eus\/wp-content\/uploads\/2024\/12\/2024-12-18-Portu-Agintaritza_3-1024x683.jpg\" alt=\"\" class=\"wp-image-76827\" srcset=\"https:\/\/www.lab.eus\/wp-content\/uploads\/2024\/12\/2024-12-18-Portu-Agintaritza_3-1024x683.jpg 1024w, https:\/\/www.lab.eus\/wp-content\/uploads\/2024\/12\/2024-12-18-Portu-Agintaritza_3-300x200.jpg 300w, https:\/\/www.lab.eus\/wp-content\/uploads\/2024\/12\/2024-12-18-Portu-Agintaritza_3-768x512.jpg 768w, https:\/\/www.lab.eus\/wp-content\/uploads\/2024\/12\/2024-12-18-Portu-Agintaritza_3-1536x1024.jpg 1536w, https:\/\/www.lab.eus\/wp-content\/uploads\/2024\/12\/2024-12-18-Portu-Agintaritza_3-2048x1365.jpg 2048w, https:\/\/www.lab.eus\/wp-content\/uploads\/2024\/12\/2024-12-18-Portu-Agintaritza_3-150x100.jpg 150w, https:\/\/www.lab.eus\/wp-content\/uploads\/2024\/12\/2024-12-18-Portu-Agintaritza_3-696x464.jpg 696w, https:\/\/www.lab.eus\/wp-content\/uploads\/2024\/12\/2024-12-18-Portu-Agintaritza_3-1068x712.jpg 1068w, https:\/\/www.lab.eus\/wp-content\/uploads\/2024\/12\/2024-12-18-Portu-Agintaritza_3-1920x1280.jpg 1920w\" sizes=\"auto, (max-width: 1024px) 100vw, 1024px\" \/><\/figure>\n\n\n\n<figure class=\"wp-block-image size-large\"><img loading=\"lazy\" decoding=\"async\" width=\"1024\" height=\"683\" data-id=\"76825\" src=\"https:\/\/www.lab.eus\/wp-content\/uploads\/2024\/12\/2024-12-18-Portu-Agintaritza_2-1024x683.jpg\" alt=\"\" class=\"wp-image-76825\" srcset=\"https:\/\/www.lab.eus\/wp-content\/uploads\/2024\/12\/2024-12-18-Portu-Agintaritza_2-1024x683.jpg 1024w, https:\/\/www.lab.eus\/wp-content\/uploads\/2024\/12\/2024-12-18-Portu-Agintaritza_2-300x200.jpg 300w, https:\/\/www.lab.eus\/wp-content\/uploads\/2024\/12\/2024-12-18-Portu-Agintaritza_2-768x512.jpg 768w, https:\/\/www.lab.eus\/wp-content\/uploads\/2024\/12\/2024-12-18-Portu-Agintaritza_2-1536x1024.jpg 1536w, https:\/\/www.lab.eus\/wp-content\/uploads\/2024\/12\/2024-12-18-Portu-Agintaritza_2-2048x1365.jpg 2048w, https:\/\/www.lab.eus\/wp-content\/uploads\/2024\/12\/2024-12-18-Portu-Agintaritza_2-150x100.jpg 150w, https:\/\/www.lab.eus\/wp-content\/uploads\/2024\/12\/2024-12-18-Portu-Agintaritza_2-696x464.jpg 696w, https:\/\/www.lab.eus\/wp-content\/uploads\/2024\/12\/2024-12-18-Portu-Agintaritza_2-1068x712.jpg 1068w, https:\/\/www.lab.eus\/wp-content\/uploads\/2024\/12\/2024-12-18-Portu-Agintaritza_2-1920x1280.jpg 1920w\" sizes=\"auto, (max-width: 1024px) 100vw, 1024px\" \/><\/figure>\n<\/figure>\n","protected":false},"excerpt":{"rendered":"<p>El sindicato LAB ha registrado una carta ante la Autoridad Portuaria en Santurtzi exigiendo a \u00e9sta que asuma su responsabilidad en el cumplimiento de las normas de derecho internacional y que deje inmediatamente de facilitar el env\u00edo de armas y de todo y cualquier material b\u00e9lico-militar que sostiene el genocidio en Palestina y guerras en todo el mundo.<\/p>\n","protected":false},"author":1191,"featured_media":76823,"comment_status":"closed","ping_status":"closed","sticky":false,"template":"","format":"standard","meta":{"_monsterinsights_skip_tracking":false,"_monsterinsights_sitenote_active":false,"_monsterinsights_sitenote_note":"","_monsterinsights_sitenote_category":0,"footnotes":"","_links_to":"","_links_to_target":""},"categories":[4,2973],"tags":[3178,3173,3193],"class_list":{"0":"post-76831","1":"post","2":"type-post","3":"status-publish","4":"format-standard","5":"has-post-thumbnail","7":"category-es-internacional","8":"category-secretarias","9":"tag-destacado-1","10":"tag-internacional-es","11":"tag-palestina-es"},"_links":{"self":[{"href":"https:\/\/www.lab.eus\/es\/wp-json\/wp\/v2\/posts\/76831","targetHints":{"allow":["GET"]}}],"collection":[{"href":"https:\/\/www.lab.eus\/es\/wp-json\/wp\/v2\/posts"}],"about":[{"href":"https:\/\/www.lab.eus\/es\/wp-json\/wp\/v2\/types\/post"}],"author":[{"embeddable":true,"href":"https:\/\/www.lab.eus\/es\/wp-json\/wp\/v2\/users\/1191"}],"replies":[{"embeddable":true,"href":"https:\/\/www.lab.eus\/es\/wp-json\/wp\/v2\/comments?post=76831"}],"version-history":[{"count":1,"href":"https:\/\/www.lab.eus\/es\/wp-json\/wp\/v2\/posts\/76831\/revisions"}],"predecessor-version":[{"id":76832,"href":"https:\/\/www.lab.eus\/es\/wp-json\/wp\/v2\/posts\/76831\/revisions\/76832"}],"wp:featuredmedia":[{"embeddable":true,"href":"https:\/\/www.lab.eus\/es\/wp-json\/wp\/v2\/media\/76823"}],"wp:attachment":[{"href":"https:\/\/www.lab.eus\/es\/wp-json\/wp\/v2\/media?parent=76831"}],"wp:term":[{"taxonomy":"category","embeddable":true,"href":"https:\/\/www.lab.eus\/es\/wp-json\/wp\/v2\/categories?post=76831"},{"taxonomy":"post_tag","embeddable":true,"href":"https:\/\/www.lab.eus\/es\/wp-json\/wp\/v2\/tags?post=76831"}],"curies":[{"name":"wp","href":"https:\/\/api.w.org\/{rel}","templated":true}]}}