{"id":76775,"date":"2024-12-18T14:51:36","date_gmt":"2024-12-18T14:51:36","guid":{"rendered":"https:\/\/www.lab.eus\/?p=76775"},"modified":"2024-12-18T14:51:37","modified_gmt":"2024-12-18T14:51:37","slug":"denunciamos-las-intenciones-del-pnv-para-utilizar-eitb-en-beneficio-de-sus-intereses-partidistas","status":"publish","type":"post","link":"https:\/\/www.lab.eus\/es\/denunciamos-las-intenciones-del-pnv-para-utilizar-eitb-en-beneficio-de-sus-intereses-partidistas\/","title":{"rendered":"Denunciamos las intenciones del PNV para utilizar EITB en beneficio de sus intereses partidistas"},"content":{"rendered":"\n<p>Desde LAB queremos denunciar, una vez m\u00e1s, la intenci\u00f3n mostrada por el PNV para utilizar EITB en beneficio de sus intereses partidistas y que, esta vez, adem\u00e1s, lo haya manifestado p\u00fablicamente, sin ning\u00fan tipo de pudor y con total impunidad.<\/p>\n\n\n\n<p>El PNV ha publicado, recientemente, la 4\u00aa ponencia titulada \u201cEl PNV, un partido al servicio de un Pueblo\u201d, que recoge una referencia directa a EITB en el apartado dedicado a los criterios para mejorar la comunicaci\u00f3n del partido: \u201cGarantizar que el ente p\u00fablico refleja la pluralidad de la sociedad, sin convertirse en instrumento pol\u00edtico, pero tampoco desvinculado de los intereses leg\u00edtimos del Partido\u201d.<\/p>\n\n\n\n<p>En LAB consideramos que la mera menci\u00f3n a EITB en un documento interno de un partido pol\u00edtico es muy grave. En ese sentido, queremos recordar que la Ley 5\/1982, de 20 de mayo, de creaci\u00f3n del ente p\u00fablico Euskal Irrati Telebista, define claramente los siguientes principios que deben regir en el mismo:<\/p>\n\n\n\n<p>\u2022 La objetividad, veracidad e imparcialidad de las informaciones.<\/p>\n\n\n\n<p>\u2022 La distinci\u00f3n y separaci\u00f3n entre informaci\u00f3n y opini\u00f3n.<\/p>\n\n\n\n<p>\u2022 El respeto al principio de igualdad, al pluralismo pol\u00edtico, religioso, social, cultural y ling\u00fc\u00edstico.<\/p>\n\n\n\n<p>Es evidente que el PNV no respeta los criterios de creaci\u00f3n de EITB y la objetividad a la que se debe, pero las y los representantes de LAB queremos transmitir a la sociedad vasca nuestro firme compromiso con las mismas, y que defendemos la profesionalidad de las y los trabajadores, que seguir\u00e1n velando para que \u201cla defensa de la libertad de expresi\u00f3n, el derecho a comunicar y recibir libremente informaci\u00f3n, conforme a las exigencias de una sociedad democr\u00e1tica\u201d se lleve a cabo como marca la ley.<\/p>\n\n\n\n<p>Lamentablemente, y a pesar de la gravedad de los hechos, la menci\u00f3n no nos ha pillado de sorpresa. La marca EITB lleva vinculada al PNV desde hace tiempo. Ha habido muchos casos de puertas giratorias entre EITB y el Gobierno Vasco, as\u00ed como con Sabin Etxea. El ex director de ETB Bingen Zupiria, por ejemplo, particip\u00f3 en los gobiernos de Jos\u00e9 Antonio Ardanza (1983-1989) e I\u00f1igo Urkullu (2016-2024), y actualmente sigue en el Gobierno Vasco de la mano del lehendakari jeltzale Imanol Pradales. Andoni Ortuzar, director general de EITB entre 1999 y 2008, dej\u00f3 ese cargo para pasar a la c\u00fapula del PNV, primero al Bizkai Buru Batzar y despu\u00e9s como presidente del EBB.<\/p>\n\n\n\n<p>En 2020, sin embargo, se dio un punto de inflexi\u00f3n con el nombramiento de Andoni Aldekoa como director general de EITB. Desde entonces se ha empezado a recorrer el camino inverso, es decir, los puestos de direcci\u00f3n y responsabilidad de EITB que se eligen a dedo se est\u00e1n ocupando con cargos pol\u00edticos del PNV: Andoni Aldekoa, Ibone Bengoetxea -este a\u00f1o ha dejado el cargo de gerente de EITB para convertirse en vicelehendakari-, Isabel Octavio, I\u00f1igo Camino\u2026<\/p>\n\n\n\n<p>Los medios de comunicaci\u00f3n de EITB (ETB, Irratiak y eitb.eus) est\u00e1n perdiendo audiencia, a\u00f1o tras a\u00f1o, porque las formas de consumo de informaci\u00f3n y entretenimiento han cambiado y la competitividad es enorme, pero tambi\u00e9n porque EITB ha perdido credibilidad y la buena imagen que tuvo en el pasado ante la sociedad vasca, porque la ciudadan\u00eda vincula a EITB con el PNV y las instituciones. Un ejemplo: menos de la mitad de las y los vascos considera que los informativos de EITB son \u201cveraces e imparciales\u201d. No lo decimos nosotros y nosotras. Es una de las conclusiones de una encuesta que realiz\u00f3 la propia EITB en 2022.<\/p>\n\n\n\n<p>Por todo ello, pedimos al PNV que, si de verdad le importa el futuro de EITB, deje de utilizar este medio de comunicaci\u00f3n p\u00fablico como si fuese de su propiedad y en beneficio de sus intereses.<\/p>\n\n\n\n<p>Asimismo, reclamamos a la direcci\u00f3n de EITB que solicite al PNV la retirada de la menci\u00f3n que hace sobre el uso del ente p\u00fablico de su ponencia.<\/p>\n\n\n\n<p>\u00a1Ya basta! EITB no es del \u201cpartido\u201d. EITB es un medio de comunicaci\u00f3n p\u00fablico que pertenece a toda sociedad vasca.<\/p>\n","protected":false},"excerpt":{"rendered":"<p>Desde LAB queremos denunciar, una vez m\u00e1s, la intenci\u00f3n mostrada por el PNV para utilizar EITB en beneficio de sus intereses partidistas y que, esta vez, adem\u00e1s, lo haya manifestado p\u00fablicamente, sin ning\u00fan tipo de pudor y con total impunidad.<\/p>\n","protected":false},"author":1191,"featured_media":76773,"comment_status":"closed","ping_status":"closed","sticky":false,"template":"","format":"standard","meta":{"_monsterinsights_skip_tracking":false,"_monsterinsights_sitenote_active":false,"_monsterinsights_sitenote_note":"","_monsterinsights_sitenote_category":0,"footnotes":"","_links_to":"","_links_to_target":""},"categories":[18,2867,83,6],"tags":[3033,3178,791,3066,3528,1635,3171],"class_list":{"0":"post-76775","1":"post","2":"type-post","3":"status-publish","4":"format-standard","5":"has-post-thumbnail","7":"category-es-accion-sindical","8":"category-federaciones","9":"category-es-medios-de-comunicacion-es-servicios-publicos","10":"category-es-servicios-publicos","11":"tag-accion-sindical-es","12":"tag-destacado-1","13":"tag-eitb","14":"tag-federaciones-es","15":"tag-medios-de-comunicacion","16":"tag-pnv","17":"tag-servicios-publicos-es"},"_links":{"self":[{"href":"https:\/\/www.lab.eus\/es\/wp-json\/wp\/v2\/posts\/76775","targetHints":{"allow":["GET"]}}],"collection":[{"href":"https:\/\/www.lab.eus\/es\/wp-json\/wp\/v2\/posts"}],"about":[{"href":"https:\/\/www.lab.eus\/es\/wp-json\/wp\/v2\/types\/post"}],"author":[{"embeddable":true,"href":"https:\/\/www.lab.eus\/es\/wp-json\/wp\/v2\/users\/1191"}],"replies":[{"embeddable":true,"href":"https:\/\/www.lab.eus\/es\/wp-json\/wp\/v2\/comments?post=76775"}],"version-history":[{"count":1,"href":"https:\/\/www.lab.eus\/es\/wp-json\/wp\/v2\/posts\/76775\/revisions"}],"predecessor-version":[{"id":76776,"href":"https:\/\/www.lab.eus\/es\/wp-json\/wp\/v2\/posts\/76775\/revisions\/76776"}],"wp:featuredmedia":[{"embeddable":true,"href":"https:\/\/www.lab.eus\/es\/wp-json\/wp\/v2\/media\/76773"}],"wp:attachment":[{"href":"https:\/\/www.lab.eus\/es\/wp-json\/wp\/v2\/media?parent=76775"}],"wp:term":[{"taxonomy":"category","embeddable":true,"href":"https:\/\/www.lab.eus\/es\/wp-json\/wp\/v2\/categories?post=76775"},{"taxonomy":"post_tag","embeddable":true,"href":"https:\/\/www.lab.eus\/es\/wp-json\/wp\/v2\/tags?post=76775"}],"curies":[{"name":"wp","href":"https:\/\/api.w.org\/{rel}","templated":true}]}}