{"id":76742,"date":"2024-12-18T11:20:10","date_gmt":"2024-12-18T11:20:10","guid":{"rendered":"https:\/\/www.lab.eus\/?p=76742"},"modified":"2024-12-18T11:20:12","modified_gmt":"2024-12-18T11:20:12","slug":"hemos-exigido-unos-presupuestos-dignos-para-reforzar-los-servicios-publicos-ante-los-dos-parlamentos-de-hegoalde","status":"publish","type":"post","link":"https:\/\/www.lab.eus\/es\/hemos-exigido-unos-presupuestos-dignos-para-reforzar-los-servicios-publicos-ante-los-dos-parlamentos-de-hegoalde\/","title":{"rendered":"Hemos exigido unos presupuestos dignos para reforzar los servicios p\u00fablicos ante los dos parlamentos de Hegoalde"},"content":{"rendered":"\n<p>LAB se ha movilizado ante los parlamentos de Nafarroa Garaia y la CAV en v\u00edsperas de las votaciones presupuestarias. All\u00ed hemos denunciado los presupuestos tanto para Nafarroa como para Araba, Bizkaia y Gipuzkoa, que no se han utilizado para reforzar los servicios p\u00fablicos ni para tomar medidas a favor de las y los trabajadores. Precisamente, hemos reivindicado la necesidad de un cambio radical en las pol\u00edticas p\u00fablicas.<\/p>\n\n\n\n<p>Necesitamos otras pol\u00edticas y presupuestos a favor de las trabajadoras y trabajadores y sobre todo, exigimos compromisos para que las trabajadoras de cuidados sean consideradas personal p\u00fablico. Para ello es imprescindible que se aprueben presupuestos dignos en todas las administraciones porque hay dinero para ello:<\/p>\n\n\n\n<p>\u2022 Las trabajadoras y trabajadores que trabajamos en los servicios p\u00fablicos de Euskal Herria reivindicamos el derecho a decidir aqu\u00ed, sin imposiciones y respetando la negociaci\u00f3n colectiva, para acordar: publificaciones; salarios para hacer frente al encarecimiento de la vida; jornada; alivio de cargas de trabajo; creaci\u00f3n y estabilizaci\u00f3n de empleo; planes de rejuvenecimiento de plantillas; desaparici\u00f3n de las tasas de reposici\u00f3n y reducci\u00f3n de la temporalidad; salud laboral; medidas feministas; euskaldunizaci\u00f3n&#8230;<\/p>\n\n\n\n<p>\u2022 Los presupuestos dise\u00f1ados por los gobiernos son totalmente neoliberales. Detr\u00e1s del modelo de \u00abcolaboraci\u00f3n p\u00fablico-privada\u00bb que promueve el PNV en la CAV no hay m\u00e1s que negocio, amiguismo y precariedad. En Nafarroa Garaia, por su parte, el gobierno de coalici\u00f3n liderado por el PSN est\u00e1 fomentando el modelo de colaboraci\u00f3n p\u00fablico-privada, abriendo las puertas de par en par al negocio y a la precariedad; Osasunbidea y la voluntad de cambiar la naturaleza jur\u00eddica del ISPLN, Instituto de Salud P\u00fablica y Laboral de Navarra, son los ejemplos m\u00e1s claros de ello. Adem\u00e1s, los gobiernos y las diputaciones vulneran el derecho a la negociaci\u00f3n colectiva por la capacidad de veto que otorgan a las patronales.<\/p>\n\n\n\n<p>\u2022 No hay diferencias entre el gobierno de Pradales y el de Urkullu. Aunque hayan querido escenificar un cambio en las formas, es una mera continuidad del anterior gobierno. Y en los presupuestos dise\u00f1ados por el Gobierno de Nafarroa no tienen en cuenta las reivindicaciones de sectores en lucha, como las trabajadoras de residencias de mayores privatizadas o las y los educadores y el profesorado de la ense\u00f1anza p\u00fablica. Falta voluntad pol\u00edtica.<\/p>\n\n\n\n<p>\u2022 Mantener privatizados los cuidados supone la precarizaci\u00f3n de las condiciones laborales a favor del negocio: ratios, horarios, jornadas, salarios&#8230; \u00a1Las trabajadoras y trabajadores privatizados somos personal p\u00fablico!<\/p>\n\n\n\n<p>\u2022 El PNV deber\u00eda mostrar la misma firmeza en la protecci\u00f3n de los servicios p\u00fablicos y del personal de las administraciones que gestiona que en la defensa de sus intereses mercantilistas. El PSN, por su parte, debe cambiar urgentemente las pol\u00edticas de protecci\u00f3n de los servicios p\u00fablicos y de su personal que ha abandonado . S\u00ed que se pueden cambiar aqu\u00ed las pol\u00edticas p\u00fablicas, lo que falta es voluntad.<\/p>\n\n\n\n<p>\u2022 Las y los trabajadores tenemos motivos y se dan las condiciones para movilizarnos. Las luchas que, sin resignarnos, hemos llevado durante a\u00f1os dan resultados.<\/p>\n\n\n\n<p>\u00a1Fortalecer los servicios p\u00fablicos en defensa de las y los trabajadores! \u00a1Las y los trabajadores de cuidados somos personal p\u00fablico! \u00a1Presupuestos dignos! \u00a1Aqu\u00ed decidimos!<\/p>\n\n\n\n<figure class=\"wp-block-gallery has-nested-images columns-default is-cropped wp-block-gallery-1 is-layout-flex wp-block-gallery-is-layout-flex\">\n<figure class=\"wp-block-image size-large\"><img loading=\"lazy\" decoding=\"async\" width=\"1024\" height=\"683\" data-id=\"76740\" src=\"https:\/\/www.lab.eus\/wp-content\/uploads\/2024\/12\/IMG_1745-1024x683.jpg\" alt=\"\" class=\"wp-image-76740\" srcset=\"https:\/\/www.lab.eus\/wp-content\/uploads\/2024\/12\/IMG_1745-1024x683.jpg 1024w, https:\/\/www.lab.eus\/wp-content\/uploads\/2024\/12\/IMG_1745-300x200.jpg 300w, https:\/\/www.lab.eus\/wp-content\/uploads\/2024\/12\/IMG_1745-768x512.jpg 768w, https:\/\/www.lab.eus\/wp-content\/uploads\/2024\/12\/IMG_1745-1536x1024.jpg 1536w, https:\/\/www.lab.eus\/wp-content\/uploads\/2024\/12\/IMG_1745-150x100.jpg 150w, https:\/\/www.lab.eus\/wp-content\/uploads\/2024\/12\/IMG_1745-696x464.jpg 696w, https:\/\/www.lab.eus\/wp-content\/uploads\/2024\/12\/IMG_1745-1068x712.jpg 1068w, https:\/\/www.lab.eus\/wp-content\/uploads\/2024\/12\/IMG_1745.jpg 1620w\" sizes=\"auto, (max-width: 1024px) 100vw, 1024px\" \/><\/figure>\n\n\n\n<figure class=\"wp-block-image size-large\"><img loading=\"lazy\" decoding=\"async\" width=\"1024\" height=\"683\" data-id=\"76738\" src=\"https:\/\/www.lab.eus\/wp-content\/uploads\/2024\/12\/IMG_1813-1024x683.jpg\" alt=\"\" class=\"wp-image-76738\" srcset=\"https:\/\/www.lab.eus\/wp-content\/uploads\/2024\/12\/IMG_1813-1024x683.jpg 1024w, https:\/\/www.lab.eus\/wp-content\/uploads\/2024\/12\/IMG_1813-300x200.jpg 300w, https:\/\/www.lab.eus\/wp-content\/uploads\/2024\/12\/IMG_1813-768x512.jpg 768w, https:\/\/www.lab.eus\/wp-content\/uploads\/2024\/12\/IMG_1813-1536x1024.jpg 1536w, https:\/\/www.lab.eus\/wp-content\/uploads\/2024\/12\/IMG_1813-150x100.jpg 150w, https:\/\/www.lab.eus\/wp-content\/uploads\/2024\/12\/IMG_1813-696x464.jpg 696w, https:\/\/www.lab.eus\/wp-content\/uploads\/2024\/12\/IMG_1813-1068x712.jpg 1068w, https:\/\/www.lab.eus\/wp-content\/uploads\/2024\/12\/IMG_1813.jpg 1620w\" sizes=\"auto, (max-width: 1024px) 100vw, 1024px\" \/><\/figure>\n\n\n\n<figure class=\"wp-block-image size-large\"><img loading=\"lazy\" decoding=\"async\" width=\"1024\" height=\"531\" data-id=\"76736\" src=\"https:\/\/www.lab.eus\/wp-content\/uploads\/2024\/12\/2024-12-18-LAB_Irunea-1-1024x531.jpg\" alt=\"\" class=\"wp-image-76736\" srcset=\"https:\/\/www.lab.eus\/wp-content\/uploads\/2024\/12\/2024-12-18-LAB_Irunea-1-1024x531.jpg 1024w, https:\/\/www.lab.eus\/wp-content\/uploads\/2024\/12\/2024-12-18-LAB_Irunea-1-300x156.jpg 300w, https:\/\/www.lab.eus\/wp-content\/uploads\/2024\/12\/2024-12-18-LAB_Irunea-1-768x398.jpg 768w, https:\/\/www.lab.eus\/wp-content\/uploads\/2024\/12\/2024-12-18-LAB_Irunea-1-150x78.jpg 150w, https:\/\/www.lab.eus\/wp-content\/uploads\/2024\/12\/2024-12-18-LAB_Irunea-1-696x361.jpg 696w, https:\/\/www.lab.eus\/wp-content\/uploads\/2024\/12\/2024-12-18-LAB_Irunea-1-1068x554.jpg 1068w, https:\/\/www.lab.eus\/wp-content\/uploads\/2024\/12\/2024-12-18-LAB_Irunea-1.jpg 1136w\" sizes=\"auto, (max-width: 1024px) 100vw, 1024px\" \/><\/figure>\n<\/figure>\n","protected":false},"excerpt":{"rendered":"<p>LAB se ha movilizado ante los parlamentos de Nafarroa Garaia y la CAV en v\u00edsperas de las votaciones presupuestarias. All\u00ed hemos denunciado los presupuestos tanto para Nafarroa como para Araba, Bizkaia y Gipuzkoa, que no se han utilizado para reforzar los servicios p\u00fablicos ni para tomar medidas a favor de las y los trabajadores. Precisamente, hemos reivindicado la necesidad de un cambio radical en las pol\u00edticas p\u00fablicas.<\/p>\n","protected":false},"author":1191,"featured_media":76732,"comment_status":"closed","ping_status":"closed","sticky":false,"template":"","format":"standard","meta":{"_monsterinsights_skip_tracking":false,"_monsterinsights_sitenote_active":false,"_monsterinsights_sitenote_note":"","_monsterinsights_sitenote_category":0,"footnotes":"","_links_to":"","_links_to_target":""},"categories":[18,2867,6],"tags":[3033,3178,3066,4915,3598,3171],"class_list":{"0":"post-76742","1":"post","2":"type-post","3":"status-publish","4":"format-standard","5":"has-post-thumbnail","7":"category-es-accion-sindical","8":"category-federaciones","9":"category-es-servicios-publicos","10":"tag-accion-sindical-es","11":"tag-destacado-1","12":"tag-federaciones-es","13":"tag-hemen-erabaki-es","14":"tag-presupuestos","15":"tag-servicios-publicos-es"},"_links":{"self":[{"href":"https:\/\/www.lab.eus\/es\/wp-json\/wp\/v2\/posts\/76742","targetHints":{"allow":["GET"]}}],"collection":[{"href":"https:\/\/www.lab.eus\/es\/wp-json\/wp\/v2\/posts"}],"about":[{"href":"https:\/\/www.lab.eus\/es\/wp-json\/wp\/v2\/types\/post"}],"author":[{"embeddable":true,"href":"https:\/\/www.lab.eus\/es\/wp-json\/wp\/v2\/users\/1191"}],"replies":[{"embeddable":true,"href":"https:\/\/www.lab.eus\/es\/wp-json\/wp\/v2\/comments?post=76742"}],"version-history":[{"count":1,"href":"https:\/\/www.lab.eus\/es\/wp-json\/wp\/v2\/posts\/76742\/revisions"}],"predecessor-version":[{"id":76743,"href":"https:\/\/www.lab.eus\/es\/wp-json\/wp\/v2\/posts\/76742\/revisions\/76743"}],"wp:featuredmedia":[{"embeddable":true,"href":"https:\/\/www.lab.eus\/es\/wp-json\/wp\/v2\/media\/76732"}],"wp:attachment":[{"href":"https:\/\/www.lab.eus\/es\/wp-json\/wp\/v2\/media?parent=76742"}],"wp:term":[{"taxonomy":"category","embeddable":true,"href":"https:\/\/www.lab.eus\/es\/wp-json\/wp\/v2\/categories?post=76742"},{"taxonomy":"post_tag","embeddable":true,"href":"https:\/\/www.lab.eus\/es\/wp-json\/wp\/v2\/tags?post=76742"}],"curies":[{"name":"wp","href":"https:\/\/api.w.org\/{rel}","templated":true}]}}