{"id":76410,"date":"2024-12-10T15:05:54","date_gmt":"2024-12-10T15:05:54","guid":{"rendered":"https:\/\/www.lab.eus\/?p=76410"},"modified":"2024-12-10T15:05:56","modified_gmt":"2024-12-10T15:05:56","slug":"ya-son-61-las-muertes-en-el-trabajo-en-euskal-herria-desde-inicio-de-ano-12-de-ellas-de-transportistas","status":"publish","type":"post","link":"https:\/\/www.lab.eus\/es\/ya-son-61-las-muertes-en-el-trabajo-en-euskal-herria-desde-inicio-de-ano-12-de-ellas-de-transportistas\/","title":{"rendered":"Ya son 61 las muertes en el trabajo en Euskal Herria desde inicio de a\u00f1o, 12 de ellas de transportistas"},"content":{"rendered":"\n<p>Ayer falleci\u00f3 el transportista C.G., de 57 a\u00f1os, en Larrabetzu, en un accidente de cami\u00f3n. En lo que llevamos de a\u00f1o ya han muerto 12 transportistas, y con \u00e9sta, ya son 61 las muertes en el trabajo ocurridas en Euskal Herria desde inicio de a\u00f1o, 2 m\u00e1s que en todo el a\u00f1o pasado.<\/p>\n\n\n\n<p>En repetidas ocasiones hemos denunciado que las condiciones de trabajo en el sector del transporte son muy precarias. Las largas jornadas laborales, el estr\u00e9s, la presi\u00f3n, el bajo precio que paga por el transporte, las dificultades para alimentarse de forma sana debido a las condiciones de trabajo, el impacto de la edad, etc. Por eso decimos que la mayor parte de los accidentes laborales que se producen en el sector del transporte son perfectamente evitables, y que para ello s\u00f3lo hace falta voluntad pol\u00edtica para poner medidas que garanticen y respeten los derechos laborales de las y los transportistas, as\u00ed como la implicaci\u00f3n de todas las instituciones p\u00fablicas y empresas.<\/p>\n\n\n\n<p>Debemos acabar con la precariedad. Debemos acabar con la impunidad de la patronal. Las instituciones no pueden seguir mirando hacia otro lado, de lo contrario ser\u00e1n c\u00f3mplices de lo ocurrido.<\/p>\n\n\n\n<p>\u00a1No m\u00e1s accidentes laborales, ni en el sector del transporte ni en ning\u00fan otro!<\/p>\n\n\n\n<p>Desde el sindicato LAB hacemos un llamamiento a participar en las movilizaciones que se vayan a convocar para denunciar esta \u00faltima muerte en el trabajo.<\/p>\n","protected":false},"excerpt":{"rendered":"<p>Ayer falleci\u00f3 el transportista C.G., de 57 a\u00f1os, en Larrabetzu, en un accidente de cami\u00f3n. En lo que llevamos de a\u00f1o ya han muerto 12 transportistas, y con \u00e9sta, ya son 61 las muertes en el trabajo ocurridas en Euskal Herria desde inicio de a\u00f1o, 2 m\u00e1s que en todo el a\u00f1o pasado.<\/p>\n","protected":false},"author":1191,"featured_media":69925,"comment_status":"closed","ping_status":"closed","sticky":false,"template":"","format":"standard","meta":{"_monsterinsights_skip_tracking":false,"_monsterinsights_sitenote_active":false,"_monsterinsights_sitenote_note":"","_monsterinsights_sitenote_category":0,"footnotes":"","_links_to":"","_links_to_target":""},"categories":[18,15,2973],"tags":[3033,3178,3005,3083],"class_list":{"0":"post-76410","1":"post","2":"type-post","3":"status-publish","4":"format-standard","5":"has-post-thumbnail","7":"category-es-accion-sindical","8":"category-es-salud-laboral","9":"category-secretarias","10":"tag-accion-sindical-es","11":"tag-destacado-1","12":"tag-la-precariedad-mata","13":"tag-salud-laboral-es"},"_links":{"self":[{"href":"https:\/\/www.lab.eus\/es\/wp-json\/wp\/v2\/posts\/76410","targetHints":{"allow":["GET"]}}],"collection":[{"href":"https:\/\/www.lab.eus\/es\/wp-json\/wp\/v2\/posts"}],"about":[{"href":"https:\/\/www.lab.eus\/es\/wp-json\/wp\/v2\/types\/post"}],"author":[{"embeddable":true,"href":"https:\/\/www.lab.eus\/es\/wp-json\/wp\/v2\/users\/1191"}],"replies":[{"embeddable":true,"href":"https:\/\/www.lab.eus\/es\/wp-json\/wp\/v2\/comments?post=76410"}],"version-history":[{"count":1,"href":"https:\/\/www.lab.eus\/es\/wp-json\/wp\/v2\/posts\/76410\/revisions"}],"predecessor-version":[{"id":76411,"href":"https:\/\/www.lab.eus\/es\/wp-json\/wp\/v2\/posts\/76410\/revisions\/76411"}],"wp:featuredmedia":[{"embeddable":true,"href":"https:\/\/www.lab.eus\/es\/wp-json\/wp\/v2\/media\/69925"}],"wp:attachment":[{"href":"https:\/\/www.lab.eus\/es\/wp-json\/wp\/v2\/media?parent=76410"}],"wp:term":[{"taxonomy":"category","embeddable":true,"href":"https:\/\/www.lab.eus\/es\/wp-json\/wp\/v2\/categories?post=76410"},{"taxonomy":"post_tag","embeddable":true,"href":"https:\/\/www.lab.eus\/es\/wp-json\/wp\/v2\/tags?post=76410"}],"curies":[{"name":"wp","href":"https:\/\/api.w.org\/{rel}","templated":true}]}}