{"id":76397,"date":"2024-12-10T11:17:32","date_gmt":"2024-12-10T11:17:32","guid":{"rendered":"https:\/\/www.lab.eus\/?p=76397"},"modified":"2024-12-10T11:17:33","modified_gmt":"2024-12-10T11:17:33","slug":"reclamamos-a-sea-negociar-en-la-industria-de-la-madera-de-araba","status":"publish","type":"post","link":"https:\/\/www.lab.eus\/es\/reclamamos-a-sea-negociar-en-la-industria-de-la-madera-de-araba\/","title":{"rendered":"Reclamamos a SEA negociar en la Industria de la Madera de Araba"},"content":{"rendered":"\n<p>Hoy, 10 de diciembre, las personas trabajadoras del sector de la Industria de la Madera se han concentrado junto a los sindicatos LAB, ELA, UGT y CCOO en Gasteiz, frente a la sede de SEA, para exigir a la patronal que se siente en la mesa negociadora y revise los contenidos que recoge su plataforma.<\/p>\n\n\n\n<p>La negociaci\u00f3n, que comenz\u00f3 a principios de a\u00f1o, qued\u00f3 frenada en seco tras dos reuniones. En la primera, la parte social present\u00f3 su plataforma; y en la segunda, la patronal trajo la suya. Y desde entonces, nada. SEA suspendi\u00f3 las siguientes. Debemos recordar que SEA propone congelaci\u00f3n salarial para los a\u00f1os 2024 y 2025, sin recoger ni una mejora sustancial adicional.<\/p>\n\n\n\n<p>La excusa de la patronal es que la actualizaci\u00f3n salarial que recog\u00eda el convenio anterior ha sido escesiva. No aceptamos dicha excusa, puesto que las empresas sab\u00edan lo que hab\u00edan firmado y han tenido tres a\u00f1os para hacer subidas y que la regulaci\u00f3n fuera m\u00e1s moderada. Pero en su af\u00e1n por quedarse con la riqueza que generan entre todos y todas las trabajadoras, han preferido qued\u00e1rsela hasta el final. Ahora supone un problema repartirla.<\/p>\n\n\n\n<p>No aceptamos que el beneficio del sector pase por precarizar las condiciones de las personas que trabajan en \u00e9l. El poder adquisitivo debe quedar garantizado.<\/p>\n\n\n\n<p>Es por ello que hemos reunido m\u00e1s de 300 firmas del sector, que representar a la mayor\u00eda del sector, para exigir a la patronal que revise su plataforma y convoque la mesa negociadora, con contenidos. En caso de no hacerlo, desde los sindicatos convocantes estudiaremos m\u00e1s protestas para seguir movilizando al sector, sin descartar ning\u00fan escenario.<\/p>\n\n\n\n<p>En la Industria de la Madera de Araba, \u00a1negociaci\u00f3n ya!<\/p>\n","protected":false},"excerpt":{"rendered":"<p>Hoy, 10 de diciembre, las personas trabajadoras del sector de la Industria de la Madera se han concentrado junto a los sindicatos LAB, ELA, UGT y CCOO en Gasteiz, frente a la sede de SEA, para exigir a la patronal que se siente en la mesa negociadora y revise los contenidos que recoge su plataforma.<\/p>\n","protected":false},"author":1191,"featured_media":76395,"comment_status":"closed","ping_status":"closed","sticky":false,"template":"","format":"standard","meta":{"_monsterinsights_skip_tracking":false,"_monsterinsights_sitenote_active":false,"_monsterinsights_sitenote_note":"","_monsterinsights_sitenote_category":0,"footnotes":"","_links_to":"","_links_to_target":""},"categories":[18,2867,2868],"tags":[3033,3178,3066,2996,4080,4499],"class_list":{"0":"post-76397","1":"post","2":"type-post","3":"status-publish","4":"format-standard","5":"has-post-thumbnail","7":"category-es-accion-sindical","8":"category-federaciones","9":"category-industria-es","10":"tag-accion-sindical-es","11":"tag-destacado-1","12":"tag-federaciones-es","13":"tag-industria-es","14":"tag-madera","15":"tag-madera-de-araba"},"_links":{"self":[{"href":"https:\/\/www.lab.eus\/es\/wp-json\/wp\/v2\/posts\/76397","targetHints":{"allow":["GET"]}}],"collection":[{"href":"https:\/\/www.lab.eus\/es\/wp-json\/wp\/v2\/posts"}],"about":[{"href":"https:\/\/www.lab.eus\/es\/wp-json\/wp\/v2\/types\/post"}],"author":[{"embeddable":true,"href":"https:\/\/www.lab.eus\/es\/wp-json\/wp\/v2\/users\/1191"}],"replies":[{"embeddable":true,"href":"https:\/\/www.lab.eus\/es\/wp-json\/wp\/v2\/comments?post=76397"}],"version-history":[{"count":1,"href":"https:\/\/www.lab.eus\/es\/wp-json\/wp\/v2\/posts\/76397\/revisions"}],"predecessor-version":[{"id":76398,"href":"https:\/\/www.lab.eus\/es\/wp-json\/wp\/v2\/posts\/76397\/revisions\/76398"}],"wp:featuredmedia":[{"embeddable":true,"href":"https:\/\/www.lab.eus\/es\/wp-json\/wp\/v2\/media\/76395"}],"wp:attachment":[{"href":"https:\/\/www.lab.eus\/es\/wp-json\/wp\/v2\/media?parent=76397"}],"wp:term":[{"taxonomy":"category","embeddable":true,"href":"https:\/\/www.lab.eus\/es\/wp-json\/wp\/v2\/categories?post=76397"},{"taxonomy":"post_tag","embeddable":true,"href":"https:\/\/www.lab.eus\/es\/wp-json\/wp\/v2\/tags?post=76397"}],"curies":[{"name":"wp","href":"https:\/\/api.w.org\/{rel}","templated":true}]}}