{"id":76304,"date":"2024-12-05T15:20:14","date_gmt":"2024-12-05T15:20:14","guid":{"rendered":"https:\/\/www.lab.eus\/?p=76304"},"modified":"2024-12-05T15:20:16","modified_gmt":"2024-12-05T15:20:16","slug":"el-6-de-diciembre-no-tenemos-nada-que-celebrar","status":"publish","type":"post","link":"https:\/\/www.lab.eus\/es\/el-6-de-diciembre-no-tenemos-nada-que-celebrar\/","title":{"rendered":"El 6 de diciembre no tenemos nada que celebrar"},"content":{"rendered":"\n<p>La de ma\u00f1ana es otra de las festividades impuestas en Hego Euskal Herria; en este caso, con motivo del aniversario de la Constituci\u00f3n espa\u00f1ola. No tenemos nada que celebrar y para LAB, es una jornada para reafirmarnos en nuestro compromiso por una Rep\u00fablica Vasca. As\u00ed, nuestras sedes de Araba, Bizkaia, Gipuzkoa y Nafarroa permanecer\u00e1n abiertas en el horario habitual de los viernes, de 9:00 a 14:00.<\/p>\n","protected":false},"excerpt":{"rendered":"<p>La de ma\u00f1ana es otra de las festividades impuestas en Hego Euskal Herria; en este caso, con motivo del aniversario de la Constituci\u00f3n espa\u00f1ola. No tenemos nada que celebrar y para LAB, es una jornada para reafirmarnos en nuestro compromiso por una Rep\u00fablica Vasca. As\u00ed, nuestras sedes de Araba, Bizkaia, Gipuzkoa y Nafarroa permanecer\u00e1n abiertas en el horario habitual de los viernes, de 9:00 a 14:00.<\/p>\n","protected":false},"author":1191,"featured_media":76301,"comment_status":"closed","ping_status":"closed","sticky":false,"template":"","format":"standard","meta":{"_monsterinsights_skip_tracking":false,"_monsterinsights_sitenote_active":false,"_monsterinsights_sitenote_note":"","_monsterinsights_sitenote_category":0,"footnotes":"","_links_to":"","_links_to_target":""},"categories":[215],"tags":[3178,5112,5111],"class_list":{"0":"post-76304","1":"post","2":"type-post","3":"status-publish","4":"format-standard","5":"has-post-thumbnail","7":"category-es-no-a-fiestas-impuestas","8":"tag-destacado-1","9":"tag-dia-de-la-constitucion","10":"tag-no-a-festividades-impuestas"},"_links":{"self":[{"href":"https:\/\/www.lab.eus\/es\/wp-json\/wp\/v2\/posts\/76304","targetHints":{"allow":["GET"]}}],"collection":[{"href":"https:\/\/www.lab.eus\/es\/wp-json\/wp\/v2\/posts"}],"about":[{"href":"https:\/\/www.lab.eus\/es\/wp-json\/wp\/v2\/types\/post"}],"author":[{"embeddable":true,"href":"https:\/\/www.lab.eus\/es\/wp-json\/wp\/v2\/users\/1191"}],"replies":[{"embeddable":true,"href":"https:\/\/www.lab.eus\/es\/wp-json\/wp\/v2\/comments?post=76304"}],"version-history":[{"count":1,"href":"https:\/\/www.lab.eus\/es\/wp-json\/wp\/v2\/posts\/76304\/revisions"}],"predecessor-version":[{"id":76305,"href":"https:\/\/www.lab.eus\/es\/wp-json\/wp\/v2\/posts\/76304\/revisions\/76305"}],"wp:featuredmedia":[{"embeddable":true,"href":"https:\/\/www.lab.eus\/es\/wp-json\/wp\/v2\/media\/76301"}],"wp:attachment":[{"href":"https:\/\/www.lab.eus\/es\/wp-json\/wp\/v2\/media?parent=76304"}],"wp:term":[{"taxonomy":"category","embeddable":true,"href":"https:\/\/www.lab.eus\/es\/wp-json\/wp\/v2\/categories?post=76304"},{"taxonomy":"post_tag","embeddable":true,"href":"https:\/\/www.lab.eus\/es\/wp-json\/wp\/v2\/tags?post=76304"}],"curies":[{"name":"wp","href":"https:\/\/api.w.org\/{rel}","templated":true}]}}