{"id":76224,"date":"2024-12-03T13:23:55","date_gmt":"2024-12-03T13:23:55","guid":{"rendered":"https:\/\/www.lab.eus\/?p=76224"},"modified":"2024-12-03T13:23:57","modified_gmt":"2024-12-03T13:23:57","slug":"nos-hemos-movilizado-por-el-convenio-del-comercio-del-metal-de-bizkaia","status":"publish","type":"post","link":"https:\/\/www.lab.eus\/es\/nos-hemos-movilizado-por-el-convenio-del-comercio-del-metal-de-bizkaia\/","title":{"rendered":"Nos hemos movilizado por el convenio del Comercio del Metal de Bizkaia"},"content":{"rendered":"\n<p>El convenio lleva deca\u00eddo desde el 31 de diciembre del 2019.<\/p>\n\n\n\n<p>Nos hemos concentrado en Bilbo, frente a la sede del Consejo de Relaciones Laborales de Bizkaia para reivindicar un convenio digno que se adec\u00fae a la transformaci\u00f3n del Comercio de Metal de Bizkaia. Desde diciembre de 2019 el convenio est\u00e1 deca\u00eddo y aunque la mesa negociadora que regula las condiciones de trabajo se constituy\u00f3 en mayo de 2024, no se ha producido ning\u00fan avance. En el sector trabajan alrededor de 9.100 personas, 2.900 de ellas mujeres*.<\/p>\n\n\n\n<p>Desde mayo, la patronal se ha limitado ha plantear elementos regresivos como la suspensi\u00f3n del plus por transporte, reducciones en el complemento a las bajas o topes al plus de antig\u00fcedad. Tenemos claro que no vamos a aceptar empeorar las condiciones de un colectivo que arrastra una p\u00e9rdida en el poder adquisitivo de alrededor del 20%. El pr\u00f3ximo convenio deber\u00e1 recoger subidas salariales vinculadas al IPC, reducciones de jornada o el derecho a la subrogaci\u00f3n, salidas por mantenimiento, etc. Es necesario que el nuevo convenio se adec\u00fae a la transformaci\u00f3n del sector.<\/p>\n","protected":false},"excerpt":{"rendered":"<p>El convenio lleva deca\u00eddo desde el 31 de diciembre del 2019.<\/p>\n","protected":false},"author":1191,"featured_media":76222,"comment_status":"closed","ping_status":"closed","sticky":false,"template":"","format":"standard","meta":{"_monsterinsights_skip_tracking":false,"_monsterinsights_sitenote_active":false,"_monsterinsights_sitenote_note":"","_monsterinsights_sitenote_category":0,"footnotes":"","_links_to":"","_links_to_target":""},"categories":[18,2955,2867,8],"tags":[3033,3078,4561,5104,3178,3066,3172],"class_list":{"0":"post-76224","1":"post","2":"type-post","3":"status-publish","4":"format-standard","5":"has-post-thumbnail","7":"category-es-accion-sindical","8":"category-comercio","9":"category-federaciones","10":"category-es-servicios-privados","11":"tag-accion-sindical-es","12":"tag-comercio","13":"tag-comercio-del-metal","14":"tag-comercio-del-metal-de-bizkaia","15":"tag-destacado-1","16":"tag-federaciones-es","17":"tag-servicios-privados-es"},"_links":{"self":[{"href":"https:\/\/www.lab.eus\/es\/wp-json\/wp\/v2\/posts\/76224","targetHints":{"allow":["GET"]}}],"collection":[{"href":"https:\/\/www.lab.eus\/es\/wp-json\/wp\/v2\/posts"}],"about":[{"href":"https:\/\/www.lab.eus\/es\/wp-json\/wp\/v2\/types\/post"}],"author":[{"embeddable":true,"href":"https:\/\/www.lab.eus\/es\/wp-json\/wp\/v2\/users\/1191"}],"replies":[{"embeddable":true,"href":"https:\/\/www.lab.eus\/es\/wp-json\/wp\/v2\/comments?post=76224"}],"version-history":[{"count":1,"href":"https:\/\/www.lab.eus\/es\/wp-json\/wp\/v2\/posts\/76224\/revisions"}],"predecessor-version":[{"id":76225,"href":"https:\/\/www.lab.eus\/es\/wp-json\/wp\/v2\/posts\/76224\/revisions\/76225"}],"wp:featuredmedia":[{"embeddable":true,"href":"https:\/\/www.lab.eus\/es\/wp-json\/wp\/v2\/media\/76222"}],"wp:attachment":[{"href":"https:\/\/www.lab.eus\/es\/wp-json\/wp\/v2\/media?parent=76224"}],"wp:term":[{"taxonomy":"category","embeddable":true,"href":"https:\/\/www.lab.eus\/es\/wp-json\/wp\/v2\/categories?post=76224"},{"taxonomy":"post_tag","embeddable":true,"href":"https:\/\/www.lab.eus\/es\/wp-json\/wp\/v2\/tags?post=76224"}],"curies":[{"name":"wp","href":"https:\/\/api.w.org\/{rel}","templated":true}]}}