{"id":76184,"date":"2024-12-02T13:31:02","date_gmt":"2024-12-02T13:31:02","guid":{"rendered":"https:\/\/www.lab.eus\/?p=76184"},"modified":"2024-12-02T13:32:31","modified_gmt":"2024-12-02T13:32:31","slug":"lab-toma-la-decision-de-glovo-con-cautela-y-seguira-de-cerca-el-proceso","status":"publish","type":"post","link":"https:\/\/www.lab.eus\/es\/lab-toma-la-decision-de-glovo-con-cautela-y-seguira-de-cerca-el-proceso\/","title":{"rendered":"LAB toma la decisi\u00f3n de Glovo con cautela y seguir\u00e1 de cerca el proceso"},"content":{"rendered":"\n<p>La decisi\u00f3n es un claro ejemplo de que Glovo ha actuado de forma ilegal hasta el momento. LAB tiene claro que la decisi\u00f3n es fruto de la lucha sindical.<\/p>\n\n\n\n<p>Glovo ha anunciado que deja el modelo de los falsos aut\u00f3nomos y que contar\u00e1 con distribuidores a sueldo para llevar a cabo sus proyectos. LAB hace una valoraci\u00f3n positiva, pero, a pesar de ello, quiere subrayar la necesidad de tomar el anuncio con cautela, as\u00ed como de estar atento al proceso que va a seguir Glovo a partir de ahora.<\/p>\n\n\n\n<p>No podemos entender la decisi\u00f3n de Glovo sin tener en cuenta el trabajo realizado desde el sindicalismo: los riders de Glovo organizados en LAB han organizado secciones sindicales, el sindicato ha realizado denuncias individuales y colectivas y se ha reunido con los responsables de la inspecci\u00f3n de trabajo para buscar una soluci\u00f3n al problema. Cabe destacar tambi\u00e9n el trabajo realizado por el colectivo Riders por Derechos, quien ha acompa\u00f1ado a LAB en el proceso de Hego Euskal Herria.<\/p>\n\n\n\n<p>Por otra parte, la condici\u00f3n de distribuidor asalariado no es m\u00e1s que el cumplimiento de la ley, ya que hasta ahora han sido falsos aut\u00f3nomos. El sindicato LAB ha denunciado reiteradamente que la ley no se cumpl\u00eda, que la ley era insuficiente y que adem\u00e1s empeoraba algunas de las condiciones. Glovo, por su parte, ha seguido trabajando en los \u00faltimos a\u00f1os contra la ley con falsos aut\u00f3nomos. En algunos casos, estas y estos trabajadores han sido dados de alta en la seguridad social (por obligacion de diferentes sentencias) pero han estado<br>cobrando como aut\u00f3nomos al mismo tiempo. En otros casos, Glovo ha realizdao varias modificaciones para mantener su condici\u00f3n de aut\u00f3nomo, como por ejemplo en cuanto a horarios y precios de pedidos, pero tambi\u00e9n en estos casos han seguido siendo falsos aut\u00f3nomos. Por lo tanto, la decisi\u00f3n de ahora confirma que la empresa conoc\u00eda que se trataba de un caso de irregularidad. Es necesario hacer las siguientes preguntas: \u00bfCu\u00e1les han sido los derechos de los trabajadores y trabajadoras que han estado trabajando en Glovo? \u00bfY qu\u00e9<br>pasar\u00e1 con las deudas de los \u00faltimos a\u00f1os?<\/p>\n\n\n\n<p>Est\u00e1 por ver c\u00f3mo va a actuar la empresa tras esta decisi\u00f3n: qu\u00e9 va a pasar con todos los trabajadores que trabajan como d\u00eda aut\u00f3nomo, c\u00f3mo se van a regular las jornadas, c\u00f3mo se van a regular todas\u2026 Las pr\u00e1cticas fraudulentas de Glovo son conocidas para LAB y se puede esperar que siga en la misma l\u00ednea. Por ello, el sindicato LAB seguir\u00e1 trabajando para garantizar el puesto de trabajo de todas y todos los trabajadores que actualmente est\u00e1n en Glovo, y seguir\u00e1 de cerca el proceso. La decisi\u00f3n de la empresa, que no es m\u00e1s que cumplir la ley, no puede ir de la mano de los despidos. Asimismo, LAB seguir\u00e1 exigiendo a los riders la aplicaci\u00f3n del convenio de hosteler\u00eda.<\/p>\n\n\n\n<p>En la misma l\u00ednea, LAB exige la regulaci\u00f3n, con todos los derechos, de las y los trabajadores que trabajan en la econom\u00eda sumergida y, en muchas ocasiones, en situaci\u00f3n irregular. Para que esto sea as\u00ed, pide a las instituciones que presten especial atenci\u00f3n. De hecho, hasta el momento, a pesar de tener suficiente informaci\u00f3n, no han intervenido.<\/p>\n","protected":false},"excerpt":{"rendered":"<p>La decisi\u00f3n es un claro ejemplo de que Glovo ha actuado de forma ilegal hasta el momento. LAB tiene claro que la decisi\u00f3n es fruto de la lucha sindical. Glovo ha anunciado que deja el modelo de los falsos aut\u00f3nomos y que contar\u00e1 con distribuidores a sueldo para llevar a cabo sus proyectos. LAB hace [&hellip;]<\/p>\n","protected":false},"author":1191,"featured_media":76182,"comment_status":"closed","ping_status":"closed","sticky":false,"template":"","format":"standard","meta":{"_monsterinsights_skip_tracking":false,"_monsterinsights_sitenote_active":false,"_monsterinsights_sitenote_note":"","_monsterinsights_sitenote_category":0,"footnotes":"","_links_to":"","_links_to_target":""},"categories":[18,2867,8],"tags":[3033,3178,3172],"class_list":{"0":"post-76184","1":"post","2":"type-post","3":"status-publish","4":"format-standard","5":"has-post-thumbnail","7":"category-es-accion-sindical","8":"category-federaciones","9":"category-es-servicios-privados","10":"tag-accion-sindical-es","11":"tag-destacado-1","12":"tag-servicios-privados-es"},"_links":{"self":[{"href":"https:\/\/www.lab.eus\/es\/wp-json\/wp\/v2\/posts\/76184","targetHints":{"allow":["GET"]}}],"collection":[{"href":"https:\/\/www.lab.eus\/es\/wp-json\/wp\/v2\/posts"}],"about":[{"href":"https:\/\/www.lab.eus\/es\/wp-json\/wp\/v2\/types\/post"}],"author":[{"embeddable":true,"href":"https:\/\/www.lab.eus\/es\/wp-json\/wp\/v2\/users\/1191"}],"replies":[{"embeddable":true,"href":"https:\/\/www.lab.eus\/es\/wp-json\/wp\/v2\/comments?post=76184"}],"version-history":[{"count":1,"href":"https:\/\/www.lab.eus\/es\/wp-json\/wp\/v2\/posts\/76184\/revisions"}],"predecessor-version":[{"id":76185,"href":"https:\/\/www.lab.eus\/es\/wp-json\/wp\/v2\/posts\/76184\/revisions\/76185"}],"wp:featuredmedia":[{"embeddable":true,"href":"https:\/\/www.lab.eus\/es\/wp-json\/wp\/v2\/media\/76182"}],"wp:attachment":[{"href":"https:\/\/www.lab.eus\/es\/wp-json\/wp\/v2\/media?parent=76184"}],"wp:term":[{"taxonomy":"category","embeddable":true,"href":"https:\/\/www.lab.eus\/es\/wp-json\/wp\/v2\/categories?post=76184"},{"taxonomy":"post_tag","embeddable":true,"href":"https:\/\/www.lab.eus\/es\/wp-json\/wp\/v2\/tags?post=76184"}],"curies":[{"name":"wp","href":"https:\/\/api.w.org\/{rel}","templated":true}]}}