{"id":76110,"date":"2024-11-28T15:09:35","date_gmt":"2024-11-28T15:09:35","guid":{"rendered":"https:\/\/www.lab.eus\/?p=76110"},"modified":"2024-11-28T15:09:36","modified_gmt":"2024-11-28T15:09:36","slug":"los-y-las-trabajadoras-de-siemens-gamesa-de-asteasu-exigen-a-la-empresa-negociar-el-erte-en-la-propia-planta","status":"publish","type":"post","link":"https:\/\/www.lab.eus\/es\/los-y-las-trabajadoras-de-siemens-gamesa-de-asteasu-exigen-a-la-empresa-negociar-el-erte-en-la-propia-planta\/","title":{"rendered":"Los y las trabajadoras de Siemens Gamesa de Asteasu exigen a la empresa negociar el ERTE en la propia planta"},"content":{"rendered":"\n<p>Se han concentrado ante la planta de Asteasu.<\/p>\n\n\n\n<p>La plantilla ha pasado meses escuchando que, debido a problemas t\u00e9cnicos en torno a las turbinas que produce, en un futuro pr\u00f3ximo la direcci\u00f3n iba a tomar medidas contra sus condiciones laborales y puestos de trabajo. Ha exigido una y otra vez transparencia a la empresa pero sin obtener una respuesta clara, con la incertidumbre y el malestar generado por las oscuras noticias que se difund\u00edan en los medios de comunicaci\u00f3n. La direcci\u00f3n se refiri\u00f3 por primera vez a la necesidad de una ERTE antes de las vacaciones de verano y la plantilla ha pasado las \u00faltimas semanas a la espera de la comunicaci\u00f3n formal de la intenci\u00f3n de poner en marcha la medida.<\/p>\n\n\n\n<p>El pasado 19 de noviembre los y las trabajadoras recibieron la notificaci\u00f3n de inicio del periodo de consultas y en ella, la empresa ha cruzado una l\u00ednea roja que no hab\u00eda traspasado hasta hoy: ha obligado a la plantilla a negociar el ERTE de Asteasu junto a las plantas de Burgos, Lerma y Zamudio.<\/p>\n\n\n\n<p>De esta forma, la empresa quiere negociar los t\u00e9rminos del ERTE en una mesa en la que las personas trabajadoras no est\u00e9n representadas de forma justa, anulando la posibilidad que tienen de negociar y decidir sobre sus puestos de trabajo y condiciones laborales. Porque la decisi\u00f3n tiene una intencionalidad clara, debilitar los marcos propios de negociaci\u00f3n y buscar mesas negociadoras con relaciones de fuerzas m\u00e1s convenientes para la empresa, y as\u00ed llegar a acuerdos m\u00e1s baratos.<\/p>\n\n\n\n<p>Ante esta situaci\u00f3n la plantilla de Asteasu declara alto y claro que no acepta la decisi\u00f3n de la empresa y que la va a tener enfrente. Por ello, exige a la direcci\u00f3n que revoque la decisi\u00f3n y se siente a negociar las medidas que prev\u00e9 adoptar en una mesa propia, con voluntad de hablar de un ERTE que afecte lo menos posible a las condiciones laborales de las personas trabajadoras.<\/p>\n","protected":false},"excerpt":{"rendered":"<p>Se han concentrado ante la planta de Asteasu.<\/p>\n","protected":false},"author":1191,"featured_media":76108,"comment_status":"closed","ping_status":"closed","sticky":false,"template":"","format":"standard","meta":{"_monsterinsights_skip_tracking":false,"_monsterinsights_sitenote_active":false,"_monsterinsights_sitenote_note":"","_monsterinsights_sitenote_category":0,"footnotes":"","_links_to":"","_links_to_target":""},"categories":[18,2867,2868,108],"tags":[3033,3178,3066,2996,3064,3561,3562],"class_list":{"0":"post-76110","1":"post","2":"type-post","3":"status-publish","4":"format-standard","5":"has-post-thumbnail","7":"category-es-accion-sindical","8":"category-federaciones","9":"category-industria-es","10":"category-es-metal","11":"tag-accion-sindical-es","12":"tag-destacado-1","13":"tag-federaciones-es","14":"tag-industria-es","15":"tag-metal-es","16":"tag-siemens-gamesa-2","17":"tag-siemens-gamesa-asteasu"},"_links":{"self":[{"href":"https:\/\/www.lab.eus\/es\/wp-json\/wp\/v2\/posts\/76110","targetHints":{"allow":["GET"]}}],"collection":[{"href":"https:\/\/www.lab.eus\/es\/wp-json\/wp\/v2\/posts"}],"about":[{"href":"https:\/\/www.lab.eus\/es\/wp-json\/wp\/v2\/types\/post"}],"author":[{"embeddable":true,"href":"https:\/\/www.lab.eus\/es\/wp-json\/wp\/v2\/users\/1191"}],"replies":[{"embeddable":true,"href":"https:\/\/www.lab.eus\/es\/wp-json\/wp\/v2\/comments?post=76110"}],"version-history":[{"count":1,"href":"https:\/\/www.lab.eus\/es\/wp-json\/wp\/v2\/posts\/76110\/revisions"}],"predecessor-version":[{"id":76111,"href":"https:\/\/www.lab.eus\/es\/wp-json\/wp\/v2\/posts\/76110\/revisions\/76111"}],"wp:featuredmedia":[{"embeddable":true,"href":"https:\/\/www.lab.eus\/es\/wp-json\/wp\/v2\/media\/76108"}],"wp:attachment":[{"href":"https:\/\/www.lab.eus\/es\/wp-json\/wp\/v2\/media?parent=76110"}],"wp:term":[{"taxonomy":"category","embeddable":true,"href":"https:\/\/www.lab.eus\/es\/wp-json\/wp\/v2\/categories?post=76110"},{"taxonomy":"post_tag","embeddable":true,"href":"https:\/\/www.lab.eus\/es\/wp-json\/wp\/v2\/tags?post=76110"}],"curies":[{"name":"wp","href":"https:\/\/api.w.org\/{rel}","templated":true}]}}