{"id":75874,"date":"2024-11-25T14:24:23","date_gmt":"2024-11-25T14:24:23","guid":{"rendered":"https:\/\/www.lab.eus\/?p=75874"},"modified":"2024-11-25T14:24:25","modified_gmt":"2024-11-25T14:24:25","slug":"reivindicamos-que-euskal-herria-tenga-voz-propia-en-el-comite-de-empresa-europeo-del-grupo-caf","status":"publish","type":"post","link":"https:\/\/www.lab.eus\/es\/reivindicamos-que-euskal-herria-tenga-voz-propia-en-el-comite-de-empresa-europeo-del-grupo-caf\/","title":{"rendered":"Reivindicamos que Euskal Herria tenga voz propia en el Comit\u00e9 de Empresa Europeo del grupo CAF"},"content":{"rendered":"\n<p>El 27 de noviembre se reunir\u00e1 por primera vez la mesa negociadora que deber\u00eda acordar las bases de lo que ser\u00e1 el futuro Comit\u00e9 de Empresa Europeo del Grupo CAF. Esta reuni\u00f3n se celebrar\u00e1 en la planta de Beasain a partir de las 10:00.<\/p>\n\n\n\n<p>La pol\u00edtica expansionista de la direcci\u00f3n ha llevado a que CAF cuente con personal en 19 territorios europeos, sumando una plantilla que supera las y los 12.000 trabajadores. La sede central de la compa\u00f1\u00eda est\u00e1 en Beasain y el grueso de la plantilla se concentra en Euskal Herria con m\u00e1s de 5.000 personas trabajadoras. En el resto de territorios del Estado espa\u00f1ol CAF cuenta con cerca de 2.300 trabajadores y trabajadoras y en Polonia rondan los 2.500. En el Estado franc\u00e9s, tiene cerca de 1.000 trabajadores y trabajadoras, al igual que en Suecia, mientras en Italia supera los y las 350. A estas se suman las delegaciones y filiales de Alemania, Austria, B\u00e9lgica, Dinamarca, Grecia, Hungr\u00eda, Letonia, Lituania, Luxemburgo, Pa\u00edses Bajos, Rep\u00fablica Checa, Eslovaquia y Rumania.<\/p>\n\n\n\n<p>Con todo ello, la mesa encargada de negociar la composici\u00f3n y el funcionamiento del futuro Comit\u00e9 Europeo con la Direcci\u00f3n de CAF estar\u00e1 compuesta por 15 representantes del personal de 8 de los territorios mencionados: Euskal Herria, Estado espa\u00f1ol, Polonia, Francia, Italia, Lituania, Letonia, Rep\u00fablica Checa y Suecia.<\/p>\n\n\n\n<p>Para LAB, la defensa de los intereses de las personas trabajadoras, pasan por que Euska Herria tenga voz propia en ese futuro foro. No puede entenderse un Comit\u00e9 Europeo de una multinacional vasca, con el grueso de la plantilla en Euskal Herria y con la representaci\u00f3n del propio territorio diluida por f\u00f3rmulas de organizaci\u00f3n que se rijan \u00fanicamente por estados.<\/p>\n\n\n\n<p>La participaci\u00f3n de las naciones sin estado, de los sindicatos m\u00e1s peque\u00f1os, o un modelo de Comit\u00e9 m\u00e1s social, son obst\u00e1culos para los intereses netamente corporativos que persiguen algunos sindicatos. Damos por supuesto que la patronal tampoco tendr\u00e1 ning\u00fan inter\u00e9s en un Comit\u00e9 de este estilo.<\/p>\n\n\n\n<p>LAB impulsar\u00e1 un Comit\u00e9 de Empresa Europeo participativo, social e internacionalista que defienda los intereses de los y las trabajadoras. En ese camino, seguir\u00e1 intentando tejer alianzas con sindicatos tanto vascos como estatales y europeos del grupo CAF.<\/p>\n","protected":false},"excerpt":{"rendered":"<p>El 27 de noviembre se reunir\u00e1 por primera vez la mesa negociadora que deber\u00eda acordar las bases de lo que ser\u00e1 el futuro Comit\u00e9 de Empresa Europeo del Grupo CAF. Esta reuni\u00f3n se celebrar\u00e1 en la planta de Beasain a partir de las 10:00.<\/p>\n","protected":false},"author":1191,"featured_media":70841,"comment_status":"closed","ping_status":"closed","sticky":false,"template":"","format":"standard","meta":{"_monsterinsights_skip_tracking":false,"_monsterinsights_sitenote_active":false,"_monsterinsights_sitenote_note":"","_monsterinsights_sitenote_category":0,"footnotes":"","_links_to":"","_links_to_target":""},"categories":[18,2867,2868,108],"tags":[3033,3048,3178,3066,2996,3064],"class_list":{"0":"post-75874","1":"post","2":"type-post","3":"status-publish","4":"format-standard","5":"has-post-thumbnail","7":"category-es-accion-sindical","8":"category-federaciones","9":"category-industria-es","10":"category-es-metal","11":"tag-accion-sindical-es","12":"tag-caf-es","13":"tag-destacado-1","14":"tag-federaciones-es","15":"tag-industria-es","16":"tag-metal-es"},"_links":{"self":[{"href":"https:\/\/www.lab.eus\/es\/wp-json\/wp\/v2\/posts\/75874","targetHints":{"allow":["GET"]}}],"collection":[{"href":"https:\/\/www.lab.eus\/es\/wp-json\/wp\/v2\/posts"}],"about":[{"href":"https:\/\/www.lab.eus\/es\/wp-json\/wp\/v2\/types\/post"}],"author":[{"embeddable":true,"href":"https:\/\/www.lab.eus\/es\/wp-json\/wp\/v2\/users\/1191"}],"replies":[{"embeddable":true,"href":"https:\/\/www.lab.eus\/es\/wp-json\/wp\/v2\/comments?post=75874"}],"version-history":[{"count":1,"href":"https:\/\/www.lab.eus\/es\/wp-json\/wp\/v2\/posts\/75874\/revisions"}],"predecessor-version":[{"id":75875,"href":"https:\/\/www.lab.eus\/es\/wp-json\/wp\/v2\/posts\/75874\/revisions\/75875"}],"wp:featuredmedia":[{"embeddable":true,"href":"https:\/\/www.lab.eus\/es\/wp-json\/wp\/v2\/media\/70841"}],"wp:attachment":[{"href":"https:\/\/www.lab.eus\/es\/wp-json\/wp\/v2\/media?parent=75874"}],"wp:term":[{"taxonomy":"category","embeddable":true,"href":"https:\/\/www.lab.eus\/es\/wp-json\/wp\/v2\/categories?post=75874"},{"taxonomy":"post_tag","embeddable":true,"href":"https:\/\/www.lab.eus\/es\/wp-json\/wp\/v2\/tags?post=75874"}],"curies":[{"name":"wp","href":"https:\/\/api.w.org\/{rel}","templated":true}]}}