{"id":75754,"date":"2024-11-20T16:57:50","date_gmt":"2024-11-20T16:57:50","guid":{"rendered":"https:\/\/www.lab.eus\/?p=75754"},"modified":"2024-11-20T16:57:51","modified_gmt":"2024-11-20T16:57:51","slug":"el-sindicato-lab-valora-positivamente-el-acuerdo-que-posibilita-un-cambio-radical-en-el-monumento-franquista-a-los-caidos","status":"publish","type":"post","link":"https:\/\/www.lab.eus\/es\/el-sindicato-lab-valora-positivamente-el-acuerdo-que-posibilita-un-cambio-radical-en-el-monumento-franquista-a-los-caidos\/","title":{"rendered":"El sindicato LAB valora positivamente el acuerdo que posibilita un cambio radical en el Monumento franquista a Los Ca\u00eddos"},"content":{"rendered":"\n<p>LAB valora positivamente el acuerdo alcanzado por EH Bildu, PSN y Geroa Bai que posibilita un cambio radical en la naturaleza y significado de este Monumento. As\u00ed, demoler parte del mismo y transformar el Monumento Franquista a los Ca\u00eddos en el centro de interpretaci\u00f3n \u201cMaravillas Lamberto\u201d es un paso importante para denunciar el fascismo de ayer y de hoy. Adem\u00e1s de contribuir a reparar con dignidad a las v\u00edctimas del franquismo y acabar con la exaltaci\u00f3n de los victimarios, el centro \u00abMaravillas Lamberto\u00bb puede ser una nueva aportaci\u00f3n y acicate para combatir el auge de la extrema derecha y el fascismo desde la capital de Euskal Herria.<\/p>\n\n\n\n<p>Siguiendo su vocaci\u00f3n antifascista, LAB ha aportado y seguir\u00e1 aportando a la memoria democr\u00e1tica desde la perspectiva y la conciencia de los trabajadores y trabajadoras. Durante todos estos a\u00f1os hemos tenido presentes a los y las sindicalistas represaliadas, as\u00ed como a las personas privadas de libertad obligadas a realizar trabajos forzados o trabajo esclavo en Navarra. LAB espera que el centro de interpretaci\u00f3n \u00abMaravillas Lamberto\u00bb reconozca a todas estas personas y aporte a su reparaci\u00f3n.<\/p>\n\n\n\n<p>El Ayuntamiento de Pamplona y el Gobierno de Navarra, los agentes sociales y sindicales, as\u00ed como los agentes de memoria, cada uno desde su propia naturaleza y visi\u00f3n, pero todos y todas debemos trabajar juntas para llevar a cabo este reto: promover una memoria integral y cr\u00edtica; garantizar la ruptura con el pasado franquista; frente al relato de la derecha franquista, arrebatar espacios al fascismo y a los fan\u00e1ticos de las guerras; y abrir las puertas futuras a la libertad y a la justicia social.<\/p>\n\n\n\n<p>En este sentido, la activaci\u00f3n de la mayor\u00eda social es el mejor ant\u00eddoto y prevenci\u00f3n contra la reacci\u00f3n que se est\u00e1 extendiendo a nivel mundial. La herramienta m\u00e1s eficaz y la mejor garant\u00eda para ampliar los espacios antifascistas por la paz y la justicia social.<\/p>\n","protected":false},"excerpt":{"rendered":"<p>LAB valora positivamente el acuerdo alcanzado por EH Bildu, PSN y Geroa Bai que posibilita un cambio radical en la naturaleza y significado de este Monumento. As\u00ed, demoler parte del mismo y transformar el Monumento Franquista a los Ca\u00eddos en el centro de interpretaci\u00f3n \u201cMaravillas Lamberto\u201d es un paso importante para denunciar el fascismo de [&hellip;]<\/p>\n","protected":false},"author":1191,"featured_media":75751,"comment_status":"closed","ping_status":"closed","sticky":false,"template":"","format":"standard","meta":{"_monsterinsights_skip_tracking":false,"_monsterinsights_sitenote_active":false,"_monsterinsights_sitenote_note":"","_monsterinsights_sitenote_category":0,"footnotes":"","_links_to":"","_links_to_target":""},"categories":[3402,3301],"tags":[3178],"class_list":{"0":"post-75754","1":"post","2":"type-post","3":"status-publish","4":"format-standard","5":"has-post-thumbnail","7":"category-accion-politica","8":"category-euskal-herria-es-2","9":"tag-destacado-1"},"_links":{"self":[{"href":"https:\/\/www.lab.eus\/es\/wp-json\/wp\/v2\/posts\/75754","targetHints":{"allow":["GET"]}}],"collection":[{"href":"https:\/\/www.lab.eus\/es\/wp-json\/wp\/v2\/posts"}],"about":[{"href":"https:\/\/www.lab.eus\/es\/wp-json\/wp\/v2\/types\/post"}],"author":[{"embeddable":true,"href":"https:\/\/www.lab.eus\/es\/wp-json\/wp\/v2\/users\/1191"}],"replies":[{"embeddable":true,"href":"https:\/\/www.lab.eus\/es\/wp-json\/wp\/v2\/comments?post=75754"}],"version-history":[{"count":1,"href":"https:\/\/www.lab.eus\/es\/wp-json\/wp\/v2\/posts\/75754\/revisions"}],"predecessor-version":[{"id":75755,"href":"https:\/\/www.lab.eus\/es\/wp-json\/wp\/v2\/posts\/75754\/revisions\/75755"}],"wp:featuredmedia":[{"embeddable":true,"href":"https:\/\/www.lab.eus\/es\/wp-json\/wp\/v2\/media\/75751"}],"wp:attachment":[{"href":"https:\/\/www.lab.eus\/es\/wp-json\/wp\/v2\/media?parent=75754"}],"wp:term":[{"taxonomy":"category","embeddable":true,"href":"https:\/\/www.lab.eus\/es\/wp-json\/wp\/v2\/categories?post=75754"},{"taxonomy":"post_tag","embeddable":true,"href":"https:\/\/www.lab.eus\/es\/wp-json\/wp\/v2\/tags?post=75754"}],"curies":[{"name":"wp","href":"https:\/\/api.w.org\/{rel}","templated":true}]}}