{"id":75303,"date":"2024-11-06T11:11:19","date_gmt":"2024-11-06T11:11:19","guid":{"rendered":"https:\/\/www.lab.eus\/?p=75303"},"modified":"2024-11-06T11:11:20","modified_gmt":"2024-11-06T11:11:20","slug":"denunciamos-que-la-pau-quiere-realizar-su-salida-ordenada-a-costa-de-los-sueldos-de-sus-trabajadores-y-trabajadoras","status":"publish","type":"post","link":"https:\/\/www.lab.eus\/es\/denunciamos-que-la-pau-quiere-realizar-su-salida-ordenada-a-costa-de-los-sueldos-de-sus-trabajadores-y-trabajadoras\/","title":{"rendered":"Denunciamos que La Pau quiere realizar su \u201csalida ordenada\u201d a costa de los sueldos de sus trabajadores y trabajadoras"},"content":{"rendered":"\n<p>La soluci\u00f3n de la situaci\u00f3n pasa por convertir en p\u00fablico el servicio de ambulancias.<\/p>\n\n\n\n<p>Desde el sindicato LAB volvemos a denunciar la situaci\u00f3n insostenible que vive el sector de las ambulancias en la CAV. Como decimos desde hace tiempo, la gesti\u00f3n privada, avalada y defendida por el Gobierno Vasco, ha sido un fracaso. Un claro ejemplo de ello se refleja en la situaci\u00f3n que se vive en Araba y Bizkaia, donde la empresa La Pau, que tiene la gesti\u00f3n, sigue acumulando impagos, vulnerando los derechos de las y los trabajadores y dejando de prestar el servicio de forma digna. Ante esa situaci\u00f3n, el Gobierno Vasco sigue mirando hacia otro lado mientras la situaci\u00f3n empeora a un ritmo preocupante.<\/p>\n\n\n\n<p>En la actualidad, las y los trabajadores de La Pau de Araba y Bizkaia no han cobrado ni la n\u00f3mina de octubre ni el 75% de la paga extra de verano, est\u00e1n trabajando en bases sin calefacci\u00f3n, muchas veces sin el uniforme adecuado, acaban de recibir calendarios que no respetan los descansos, y un largo etc\u00e9tera. Frente a ello, la respuesta del Gobierno Vasco ha sido anunciar una \u00absalida ordenada\u00bb de La Pau, asegurando que el proceso ser\u00eda libre de deudas. Sin embargo, la realidad es todo lo contrario: no hay previsi\u00f3n de cobro, no se nos informa de los pasos a dar y cada d\u00eda aumentan los problemas y las dudas. El personal est\u00e1 desesperado, agotado, al borde del colapso&#8230; son esas trabajadoras y trabajadores los que tienen que salvar vidas, atender a las y los enfermos, prestar asistencia psicol\u00f3gica&#8230; \u00bfY a ellas, qui\u00e9n las cuida?<\/p>\n\n\n\n<p>Queremos subrayar que el problema nos afecta a toda la ciudadan\u00eda, han hecho habituales situaciones que deben ser excepcionales, que est\u00e9n esperando a una ambulancia que no llega o que personas que necesitan tratamiento vean peligrar la posibilidad de ser atendidas. Por tanto, parece que el bienestar de las plantillas y de la ciudadan\u00eda no importa a quienes deber\u00edan garantizar un servicio de calidad.<\/p>\n\n\n\n<p>Desde LAB pedimos soluciones urgentes y hemos solicitado una reuni\u00f3n con el consejero de Salud para abordar esta situaci\u00f3n cr\u00edtica, pero de momento nuestras peticiones no han sido atendidas y han puesto de manifiesto que el gobierno no tiene mucho inter\u00e9s en solucionar el problema.<\/p>\n\n\n\n<p>El sindicato LAB, en su firme compromiso de dignificar el sector, reclama la publificaci\u00f3n del servicio de ambulancias porque este modelo privado no ha tra\u00eddo m\u00e1s que precariedad y empeoramiento de las condiciones laborales. Mientras, la ciudadan\u00eda y las plantillas pagamos el precio de la falta de responsabilidad del Gobierno Vasco y de la negativa de afrontar un problema creado por ellos mismos. La situaci\u00f3n exige cambios reales, no parches temporales ni meras promesas. Desde LAB no dejaremos de pedir al Gobierno Vasco que asuma su responsabilidad en esta crisis y abandone el modelo fallido de subcontrataci\u00f3n.<\/p>\n\n\n\n<p><\/p>\n","protected":false},"excerpt":{"rendered":"<p>La soluci\u00f3n de la situaci\u00f3n pasa por convertir en p\u00fablico el servicio de ambulancias de la CAV.<\/p>\n","protected":false},"author":1191,"featured_media":75304,"comment_status":"closed","ping_status":"closed","sticky":false,"template":"","format":"standard","meta":{"_monsterinsights_skip_tracking":false,"_monsterinsights_sitenote_active":false,"_monsterinsights_sitenote_note":"","_monsterinsights_sitenote_category":0,"footnotes":"","_links_to":"","_links_to_target":""},"categories":[18,372,2867,6],"tags":[3033,992,3178,3066,4731,3171],"class_list":{"0":"post-75303","1":"post","2":"type-post","3":"status-publish","4":"format-standard","5":"has-post-thumbnail","7":"category-es-accion-sindical","8":"category-es-ambulancias-es-servicios-privados","9":"category-federaciones","10":"category-es-servicios-publicos","11":"tag-accion-sindical-es","12":"tag-ambulancias","13":"tag-destacado-1","14":"tag-federaciones-es","15":"tag-la-pau","16":"tag-servicios-publicos-es"},"_links":{"self":[{"href":"https:\/\/www.lab.eus\/es\/wp-json\/wp\/v2\/posts\/75303","targetHints":{"allow":["GET"]}}],"collection":[{"href":"https:\/\/www.lab.eus\/es\/wp-json\/wp\/v2\/posts"}],"about":[{"href":"https:\/\/www.lab.eus\/es\/wp-json\/wp\/v2\/types\/post"}],"author":[{"embeddable":true,"href":"https:\/\/www.lab.eus\/es\/wp-json\/wp\/v2\/users\/1191"}],"replies":[{"embeddable":true,"href":"https:\/\/www.lab.eus\/es\/wp-json\/wp\/v2\/comments?post=75303"}],"version-history":[{"count":1,"href":"https:\/\/www.lab.eus\/es\/wp-json\/wp\/v2\/posts\/75303\/revisions"}],"predecessor-version":[{"id":75306,"href":"https:\/\/www.lab.eus\/es\/wp-json\/wp\/v2\/posts\/75303\/revisions\/75306"}],"wp:featuredmedia":[{"embeddable":true,"href":"https:\/\/www.lab.eus\/es\/wp-json\/wp\/v2\/media\/75304"}],"wp:attachment":[{"href":"https:\/\/www.lab.eus\/es\/wp-json\/wp\/v2\/media?parent=75303"}],"wp:term":[{"taxonomy":"category","embeddable":true,"href":"https:\/\/www.lab.eus\/es\/wp-json\/wp\/v2\/categories?post=75303"},{"taxonomy":"post_tag","embeddable":true,"href":"https:\/\/www.lab.eus\/es\/wp-json\/wp\/v2\/tags?post=75303"}],"curies":[{"name":"wp","href":"https:\/\/api.w.org\/{rel}","templated":true}]}}