{"id":75249,"date":"2024-11-04T12:26:25","date_gmt":"2024-11-04T12:26:25","guid":{"rendered":"https:\/\/www.lab.eus\/?p=75249"},"modified":"2024-11-04T12:26:27","modified_gmt":"2024-11-04T12:26:27","slug":"hemos-reivindicado-el-convenio-de-euskal-trenbide-sarea-con-una-movilizacion-ruidosa","status":"publish","type":"post","link":"https:\/\/www.lab.eus\/es\/hemos-reivindicado-el-convenio-de-euskal-trenbide-sarea-con-una-movilizacion-ruidosa\/","title":{"rendered":"Hemos reivindicado el convenio de Euskal Trenbide Sarea con una movilizaci\u00f3n ruidosa"},"content":{"rendered":"\n<p>Nos hemos movilizado ante el edificio Albia de Bilbo, lugar en el que se encuentra la sede de Euskal Trenbide Sarea.<\/p>\n\n\n\n<p>En febrero, tras una larga y dura negociaci\u00f3n, LAB, CCOO, UGT y la direcci\u00f3n de Euskal Trenbide Sarea firmaron el convenio para 2022-2023-2024. Han pasado ocho meses y todav\u00eda seguimos a la espera de que la administracion p\u00fablica apruebe el convenio.<\/p>\n\n\n\n<p>Solo faltan dos meses para que finalice el a\u00f1o y que llegue la fecha de caducidad del convenio, as\u00ed LAB, como \u00fanico sindicato que nos estamos movilizando para denunciar esta grave situaci\u00f3n, hemos realizado una concentraci\u00f3n ruidosa ante las oficinas centrales de Euskal Trenbide Sarea.<\/p>\n\n\n\n<figure class=\"wp-block-image size-large\"><img loading=\"lazy\" decoding=\"async\" width=\"1024\" height=\"737\" src=\"https:\/\/www.lab.eus\/wp-content\/uploads\/2024\/11\/2024-11-04-LAB_ETS_3-1024x737.jpeg\" alt=\"\" class=\"wp-image-75247\" srcset=\"https:\/\/www.lab.eus\/wp-content\/uploads\/2024\/11\/2024-11-04-LAB_ETS_3-1024x737.jpeg 1024w, https:\/\/www.lab.eus\/wp-content\/uploads\/2024\/11\/2024-11-04-LAB_ETS_3-300x216.jpeg 300w, https:\/\/www.lab.eus\/wp-content\/uploads\/2024\/11\/2024-11-04-LAB_ETS_3-768x553.jpeg 768w, https:\/\/www.lab.eus\/wp-content\/uploads\/2024\/11\/2024-11-04-LAB_ETS_3-150x108.jpeg 150w, https:\/\/www.lab.eus\/wp-content\/uploads\/2024\/11\/2024-11-04-LAB_ETS_3-696x501.jpeg 696w, https:\/\/www.lab.eus\/wp-content\/uploads\/2024\/11\/2024-11-04-LAB_ETS_3-1068x769.jpeg 1068w, https:\/\/www.lab.eus\/wp-content\/uploads\/2024\/11\/2024-11-04-LAB_ETS_3.jpeg 1405w\" sizes=\"auto, (max-width: 1024px) 100vw, 1024px\" \/><\/figure>\n","protected":false},"excerpt":{"rendered":"<p>Nos hemos movilizado ante el edificio Albia de Bilbo, lugar en el que se encuentra la sede de Euskal Trenbide Sarea.<\/p>\n","protected":false},"author":1191,"featured_media":75246,"comment_status":"closed","ping_status":"closed","sticky":false,"template":"","format":"standard","meta":{"_monsterinsights_skip_tracking":false,"_monsterinsights_sitenote_active":false,"_monsterinsights_sitenote_note":"","_monsterinsights_sitenote_category":0,"footnotes":"","_links_to":"","_links_to_target":""},"categories":[18,2867,6,3120],"tags":[3033,3178,3066,3171,3618],"class_list":{"0":"post-75249","1":"post","2":"type-post","3":"status-publish","4":"format-standard","5":"has-post-thumbnail","7":"category-es-accion-sindical","8":"category-federaciones","9":"category-es-servicios-publicos","10":"category-transporte","11":"tag-accion-sindical-es","12":"tag-destacado-1","13":"tag-federaciones-es","14":"tag-servicios-publicos-es","15":"tag-transporte"},"_links":{"self":[{"href":"https:\/\/www.lab.eus\/es\/wp-json\/wp\/v2\/posts\/75249","targetHints":{"allow":["GET"]}}],"collection":[{"href":"https:\/\/www.lab.eus\/es\/wp-json\/wp\/v2\/posts"}],"about":[{"href":"https:\/\/www.lab.eus\/es\/wp-json\/wp\/v2\/types\/post"}],"author":[{"embeddable":true,"href":"https:\/\/www.lab.eus\/es\/wp-json\/wp\/v2\/users\/1191"}],"replies":[{"embeddable":true,"href":"https:\/\/www.lab.eus\/es\/wp-json\/wp\/v2\/comments?post=75249"}],"version-history":[{"count":1,"href":"https:\/\/www.lab.eus\/es\/wp-json\/wp\/v2\/posts\/75249\/revisions"}],"predecessor-version":[{"id":75250,"href":"https:\/\/www.lab.eus\/es\/wp-json\/wp\/v2\/posts\/75249\/revisions\/75250"}],"wp:featuredmedia":[{"embeddable":true,"href":"https:\/\/www.lab.eus\/es\/wp-json\/wp\/v2\/media\/75246"}],"wp:attachment":[{"href":"https:\/\/www.lab.eus\/es\/wp-json\/wp\/v2\/media?parent=75249"}],"wp:term":[{"taxonomy":"category","embeddable":true,"href":"https:\/\/www.lab.eus\/es\/wp-json\/wp\/v2\/categories?post=75249"},{"taxonomy":"post_tag","embeddable":true,"href":"https:\/\/www.lab.eus\/es\/wp-json\/wp\/v2\/tags?post=75249"}],"curies":[{"name":"wp","href":"https:\/\/api.w.org\/{rel}","templated":true}]}}