{"id":75238,"date":"2024-11-04T11:12:00","date_gmt":"2024-11-04T11:12:00","guid":{"rendered":"https:\/\/www.lab.eus\/?p=75238"},"modified":"2024-11-04T11:12:02","modified_gmt":"2024-11-04T11:12:02","slug":"michelin-sigue-jugando-con-las-personas-trabajadoras","status":"publish","type":"post","link":"https:\/\/www.lab.eus\/es\/michelin-sigue-jugando-con-las-personas-trabajadoras\/","title":{"rendered":"Michelin sigue jugando con las personas trabajadoras"},"content":{"rendered":"\n<p>La empresa niega a las personas en situaci\u00f3n de excedencia con reserva del puesto que se reincorporen a su labor.<\/p>\n\n\n\n<p>Desde LAB queremos denunciar que Michelin ha encontrado otra manera de destruir empleo. Ya hace unos meses, denunciamos que la empresa estaba aplicando una pol\u00edtica de sanciones brutal, con la que se hab\u00edan practicado m\u00e1s sanciones, m\u00e1s graves y m\u00e1s despidos en los 6 meses anteriores que en todos los a\u00f1os previos juntos. El \u00faltimo ejemplo de estas pr\u00e1cticas lo tuvimos hace escasamente unas semanas, cuando la empresa reconoci\u00f3 como improcedente el despido de un compa\u00f1ero que fue despedido el a\u00f1o pasado por sanci\u00f3n muy grave tras haber declarado como testigo en el juicio de otro compa\u00f1ero, que tambi\u00e9n fue despedido por sanci\u00f3n anteriormente.<\/p>\n\n\n\n<p>Ahora, y d\u00e1ndole una vuelta m\u00e1s de tuerca, Michelin est\u00e1 impidiendo el regreso de las personas en situaci\u00f3n de excedencia con acuerdos en los se recog\u00eda la reserva de puesto de trabajo, que se est\u00e1n viendo en la calle cuando les toca reincorporarse. Estas compa\u00f1eras y compa\u00f1eros cumplen con el preaviso, que es de hasta 3 meses de antelaci\u00f3n para la fecha de reingreso, pero la empresa no da ninguna se\u00f1al hasta unos pocos d\u00edas antes de la fecha, con la inseguridad que eso produce. Adem\u00e1s, la respuesta que est\u00e1n recibiendo las personas que solicitan la reincorporaci\u00f3n es que su puesto ya no existe y que su relaci\u00f3n con la empresa queda extinguida. As\u00ed, sin m\u00e1s. Te puedes encontrar en la situaci\u00f3n de tener que dejar un trabajo para volver a Michelin, y que \u00e9sta, a dos d\u00edas de reincorporarte, te deje en la calle, oblig\u00e1ndote a demandarla.<\/p>\n\n\n\n<p>Pero despu\u00e9s del verano, la empresa ha comenzado con una din\u00e1mica a\u00fan m\u00e1s retorcida. En concreto, nos hemos encontrado con que a un compa\u00f1ero que entr\u00f3 en Michelin en los a\u00f1os 80, con casi 40 a\u00f1os de servicio y que tuvo que solicitar excedencia por un a\u00f1o para cuidar de su madre viuda siendo el hijo \u00fanico, lo han querido trasladar a Aranda de Duero, a m\u00e1s de 200 kil\u00f3metros de casa. Lo peor es que aunque esta persona solicitara el reingreso en junio, la empresa le contest\u00f3 que era trasladado con 4 d\u00edas de antelaci\u00f3n, con todo lo que supone tener que mudarte a 200 kil\u00f3metros, teniendo una madre mayor enferma, y a falta de 4 d\u00edas, sin ninguna alternativa. \u00bfQu\u00e9 clase de respeto hacia las personas es \u00e9ste? \u00bfD\u00f3nde se encuentra el eje PEOPLE? \u00bfEs esto lo que se merece un compa\u00f1ero que lleva trabajando d\u00e9cadas en la empresa?<\/p>\n\n\n\n<p>Mucho trata Michelin de mostrar una imagen de empresa mod\u00e9lica, pero detr\u00e1s de todo ello se esconde una multinacional que no cuida a las personas que generan la riqueza de la que se nutre, y que las trata como meros n\u00fameros, como trapos de usar y tirar.<\/p>\n","protected":false},"excerpt":{"rendered":"<p>La empresa niega a las personas en situaci\u00f3n de excedencia con reserva del puesto que se reincorporen a su labor.<\/p>\n","protected":false},"author":1191,"featured_media":21106,"comment_status":"closed","ping_status":"closed","sticky":false,"template":"","format":"standard","meta":{"_monsterinsights_skip_tracking":false,"_monsterinsights_sitenote_active":false,"_monsterinsights_sitenote_note":"","_monsterinsights_sitenote_category":0,"footnotes":"","_links_to":"","_links_to_target":""},"categories":[18,2867,2868,98],"tags":[3033,3178,3066,2996,3265,1274],"class_list":{"0":"post-75238","1":"post","2":"type-post","3":"status-publish","4":"format-standard","5":"has-post-thumbnail","7":"category-es-accion-sindical","8":"category-federaciones","9":"category-industria-es","10":"category-es-industria-quimica","11":"tag-accion-sindical-es","12":"tag-destacado-1","13":"tag-federaciones-es","14":"tag-industria-es","15":"tag-industria-quimica-es","16":"tag-michelin"},"_links":{"self":[{"href":"https:\/\/www.lab.eus\/es\/wp-json\/wp\/v2\/posts\/75238","targetHints":{"allow":["GET"]}}],"collection":[{"href":"https:\/\/www.lab.eus\/es\/wp-json\/wp\/v2\/posts"}],"about":[{"href":"https:\/\/www.lab.eus\/es\/wp-json\/wp\/v2\/types\/post"}],"author":[{"embeddable":true,"href":"https:\/\/www.lab.eus\/es\/wp-json\/wp\/v2\/users\/1191"}],"replies":[{"embeddable":true,"href":"https:\/\/www.lab.eus\/es\/wp-json\/wp\/v2\/comments?post=75238"}],"version-history":[{"count":1,"href":"https:\/\/www.lab.eus\/es\/wp-json\/wp\/v2\/posts\/75238\/revisions"}],"predecessor-version":[{"id":75239,"href":"https:\/\/www.lab.eus\/es\/wp-json\/wp\/v2\/posts\/75238\/revisions\/75239"}],"wp:featuredmedia":[{"embeddable":true,"href":"https:\/\/www.lab.eus\/es\/wp-json\/wp\/v2\/media\/21106"}],"wp:attachment":[{"href":"https:\/\/www.lab.eus\/es\/wp-json\/wp\/v2\/media?parent=75238"}],"wp:term":[{"taxonomy":"category","embeddable":true,"href":"https:\/\/www.lab.eus\/es\/wp-json\/wp\/v2\/categories?post=75238"},{"taxonomy":"post_tag","embeddable":true,"href":"https:\/\/www.lab.eus\/es\/wp-json\/wp\/v2\/tags?post=75238"}],"curies":[{"name":"wp","href":"https:\/\/api.w.org\/{rel}","templated":true}]}}