{"id":74931,"date":"2024-10-23T11:35:16","date_gmt":"2024-10-23T11:35:16","guid":{"rendered":"https:\/\/www.lab.eus\/?p=74931"},"modified":"2024-10-23T11:35:17","modified_gmt":"2024-10-23T11:35:17","slug":"el-gobierno-vasco-es-el-principal-responsable-de-lo-ocurrido-con-las-ambulancias-de-la-pau","status":"publish","type":"post","link":"https:\/\/www.lab.eus\/es\/el-gobierno-vasco-es-el-principal-responsable-de-lo-ocurrido-con-las-ambulancias-de-la-pau\/","title":{"rendered":"El Gobierno Vasco es el principal responsable de lo ocurrido con las ambulancias de La Pau"},"content":{"rendered":"\n<p>Las dos \u00faltimas empresas que se han hecho cargo del servicio, tanto Larrialdiak como La Pau, han fracasado. LAB opina que est\u00e1 claro que este no es el modelo a seguir, ya que la subcontrataci\u00f3n solo trae problemas. El Gobierno Vasco deber\u00eda analizar la situaci\u00f3n y caminar hacia la publificaci\u00f3n del servicio.<\/p>\n\n\n\n<p>En otras comunidades aut\u00f3nomas del Estado espa\u00f1ol, como La Rioja y Baleares, se ha publificado. En este \u00faltimo caso, el Gobierno consigui\u00f3 ahorrar dinero con la publificaci\u00f3n, e introdujeron 6 ambulancias m\u00e1s con el dinero ahorrado en el servicio.<br><br>Adem\u00e1s, nos parece denunciable que las y los trabajadores no han recibido ninguna informaci\u00f3n, salvo la que han podido conocer a trav\u00e9s de los medios de comunicaci\u00f3n, con la ansiedad y la incertidumbre ante el futuro que esto les genera. De hecho, no saben c\u00f3mo quedar\u00e1 el dinero que les adeuda La Pau.<\/p>\n\n\n\n<p>Esta situaci\u00f3n es muy grave y lleva tiempo siendo grave, y adem\u00e1s, el Gobierno Vasco ha mirado para otro lado. Hasta ahora ha estado criminalizando a los y las trabajadoras y ahora responsabiliza a la empresa, pero nunca se ha preocupado por el problema real, que es la privatizaci\u00f3n.<\/p>\n","protected":false},"excerpt":{"rendered":"<p>Las dos \u00faltimas empresas que se han hecho cargo del servicio, tanto Larrialdiak como La Pau, han fracasado. LAB opina que est\u00e1 claro que este no es el modelo a seguir, ya que la subcontrataci\u00f3n solo trae problemas. El Gobierno Vasco deber\u00eda analizar la situaci\u00f3n y caminar hacia la publificaci\u00f3n del servicio.<\/p>\n","protected":false},"author":1191,"featured_media":74929,"comment_status":"closed","ping_status":"closed","sticky":false,"template":"","format":"standard","meta":{"_monsterinsights_skip_tracking":false,"_monsterinsights_sitenote_active":false,"_monsterinsights_sitenote_note":"","_monsterinsights_sitenote_category":0,"footnotes":"","_links_to":"","_links_to_target":""},"categories":[18,372,2867,6],"tags":[3033,992,3178,3066,3171,3923],"class_list":{"0":"post-74931","1":"post","2":"type-post","3":"status-publish","4":"format-standard","5":"has-post-thumbnail","7":"category-es-accion-sindical","8":"category-es-ambulancias-es-servicios-privados","9":"category-federaciones","10":"category-es-servicios-publicos","11":"tag-accion-sindical-es","12":"tag-ambulancias","13":"tag-destacado-1","14":"tag-federaciones-es","15":"tag-servicios-publicos-es","16":"tag-transporte-sanitario"},"_links":{"self":[{"href":"https:\/\/www.lab.eus\/es\/wp-json\/wp\/v2\/posts\/74931","targetHints":{"allow":["GET"]}}],"collection":[{"href":"https:\/\/www.lab.eus\/es\/wp-json\/wp\/v2\/posts"}],"about":[{"href":"https:\/\/www.lab.eus\/es\/wp-json\/wp\/v2\/types\/post"}],"author":[{"embeddable":true,"href":"https:\/\/www.lab.eus\/es\/wp-json\/wp\/v2\/users\/1191"}],"replies":[{"embeddable":true,"href":"https:\/\/www.lab.eus\/es\/wp-json\/wp\/v2\/comments?post=74931"}],"version-history":[{"count":1,"href":"https:\/\/www.lab.eus\/es\/wp-json\/wp\/v2\/posts\/74931\/revisions"}],"predecessor-version":[{"id":74932,"href":"https:\/\/www.lab.eus\/es\/wp-json\/wp\/v2\/posts\/74931\/revisions\/74932"}],"wp:featuredmedia":[{"embeddable":true,"href":"https:\/\/www.lab.eus\/es\/wp-json\/wp\/v2\/media\/74929"}],"wp:attachment":[{"href":"https:\/\/www.lab.eus\/es\/wp-json\/wp\/v2\/media?parent=74931"}],"wp:term":[{"taxonomy":"category","embeddable":true,"href":"https:\/\/www.lab.eus\/es\/wp-json\/wp\/v2\/categories?post=74931"},{"taxonomy":"post_tag","embeddable":true,"href":"https:\/\/www.lab.eus\/es\/wp-json\/wp\/v2\/tags?post=74931"}],"curies":[{"name":"wp","href":"https:\/\/api.w.org\/{rel}","templated":true}]}}