{"id":74591,"date":"2024-10-15T11:26:23","date_gmt":"2024-10-15T11:26:23","guid":{"rendered":"https:\/\/www.lab.eus\/?p=74591"},"modified":"2024-10-15T13:33:56","modified_gmt":"2024-10-15T13:33:56","slug":"exigimos-a-la-diputacion-foral-de-gipuzkoa-que-cambie-radicalmente-el-modelo-de-cuidados-y-de-pasos-a-favor-del-sistema-publico-comunitario-de-cuidados","status":"publish","type":"post","link":"https:\/\/www.lab.eus\/es\/exigimos-a-la-diputacion-foral-de-gipuzkoa-que-cambie-radicalmente-el-modelo-de-cuidados-y-de-pasos-a-favor-del-sistema-publico-comunitario-de-cuidados\/","title":{"rendered":"Exigimos a la Diputaci\u00f3n Foral de Gipuzkoa que cambie radicalmente el modelo de cuidados y d\u00e9 pasos a favor del sistema p\u00fablico comunitario de cuidados"},"content":{"rendered":"\n<p>Este curso seguiremos con la din\u00e1mica a favor de la publificaci\u00f3n. Por ello, hemos pedido a la Diputaci\u00f3n Foral de Gipuzkoa que termine con la privatizaci\u00f3n de los cuidados y servicios sociales y se comprometa y responsabilice a la gesti\u00f3n p\u00fablica directa.<\/p>\n\n\n\n<p>Hoy el sindicato LAB se ha movilizado ante la Diputaci\u00f3n Foral de Gipuzkoa (DFG) para reivindicar de nuevo el car\u00e1cter p\u00fablico de las trabajadoras de los cuidados y servicios sociales privatizados. El sindicato LAB, que se sum\u00f3 a la Huelga Feminista General organizada por el Movimiento Feminista de Euskal Herria en favor del sistema p\u00fablico comunitario de cuidados, se ha reafirmado hoy en su compromiso con esta lucha. Han realizado una acci\u00f3n espectacular, llenando la Plaza de Gipuzkoa de pasos con pintura morada para ilustrar el camino recorrido, y sobre todo el que queda por recorrer a favor del sistema p\u00fablico comunitario de cuidados. Tambi\u00e9n consideran imprescindible la colaboraci\u00f3n entre los diferentes agentes sindicales, sociales y pol\u00edticos.<\/p>\n\n\n\n<figure class=\"wp-block-gallery has-nested-images columns-default is-cropped wp-block-gallery-1 is-layout-flex wp-block-gallery-is-layout-flex\">\n<figure class=\"wp-block-image size-large\"><img loading=\"lazy\" decoding=\"async\" width=\"1024\" height=\"682\" data-id=\"74587\" src=\"https:\/\/www.lab.eus\/wp-content\/uploads\/2024\/10\/2024-10-15-LAB_soziokomunitarioa_4-1024x682.jpg\" alt=\"\" class=\"wp-image-74587\" srcset=\"https:\/\/www.lab.eus\/wp-content\/uploads\/2024\/10\/2024-10-15-LAB_soziokomunitarioa_4-1024x682.jpg 1024w, https:\/\/www.lab.eus\/wp-content\/uploads\/2024\/10\/2024-10-15-LAB_soziokomunitarioa_4-300x200.jpg 300w, https:\/\/www.lab.eus\/wp-content\/uploads\/2024\/10\/2024-10-15-LAB_soziokomunitarioa_4-768x512.jpg 768w, https:\/\/www.lab.eus\/wp-content\/uploads\/2024\/10\/2024-10-15-LAB_soziokomunitarioa_4-150x100.jpg 150w, https:\/\/www.lab.eus\/wp-content\/uploads\/2024\/10\/2024-10-15-LAB_soziokomunitarioa_4-696x464.jpg 696w, https:\/\/www.lab.eus\/wp-content\/uploads\/2024\/10\/2024-10-15-LAB_soziokomunitarioa_4-1068x712.jpg 1068w, https:\/\/www.lab.eus\/wp-content\/uploads\/2024\/10\/2024-10-15-LAB_soziokomunitarioa_4.jpg 1280w\" sizes=\"auto, (max-width: 1024px) 100vw, 1024px\" \/><\/figure>\n\n\n\n<figure class=\"wp-block-image size-large\"><img loading=\"lazy\" decoding=\"async\" width=\"1024\" height=\"682\" data-id=\"74585\" src=\"https:\/\/www.lab.eus\/wp-content\/uploads\/2024\/10\/2024-10-15-LAB_soziokomunitarioa_3-1024x682.jpg\" alt=\"\" class=\"wp-image-74585\" srcset=\"https:\/\/www.lab.eus\/wp-content\/uploads\/2024\/10\/2024-10-15-LAB_soziokomunitarioa_3-1024x682.jpg 1024w, https:\/\/www.lab.eus\/wp-content\/uploads\/2024\/10\/2024-10-15-LAB_soziokomunitarioa_3-300x200.jpg 300w, https:\/\/www.lab.eus\/wp-content\/uploads\/2024\/10\/2024-10-15-LAB_soziokomunitarioa_3-768x512.jpg 768w, https:\/\/www.lab.eus\/wp-content\/uploads\/2024\/10\/2024-10-15-LAB_soziokomunitarioa_3-150x100.jpg 150w, https:\/\/www.lab.eus\/wp-content\/uploads\/2024\/10\/2024-10-15-LAB_soziokomunitarioa_3-696x464.jpg 696w, https:\/\/www.lab.eus\/wp-content\/uploads\/2024\/10\/2024-10-15-LAB_soziokomunitarioa_3-1068x712.jpg 1068w, https:\/\/www.lab.eus\/wp-content\/uploads\/2024\/10\/2024-10-15-LAB_soziokomunitarioa_3.jpg 1280w\" sizes=\"auto, (max-width: 1024px) 100vw, 1024px\" \/><\/figure>\n\n\n\n<figure class=\"wp-block-image size-large\"><img loading=\"lazy\" decoding=\"async\" width=\"1024\" height=\"682\" data-id=\"74583\" src=\"https:\/\/www.lab.eus\/wp-content\/uploads\/2024\/10\/2024-10-15-LAB_soziokomunitarioa_2_-1024x682.jpg\" alt=\"\" class=\"wp-image-74583\" srcset=\"https:\/\/www.lab.eus\/wp-content\/uploads\/2024\/10\/2024-10-15-LAB_soziokomunitarioa_2_-1024x682.jpg 1024w, https:\/\/www.lab.eus\/wp-content\/uploads\/2024\/10\/2024-10-15-LAB_soziokomunitarioa_2_-300x200.jpg 300w, https:\/\/www.lab.eus\/wp-content\/uploads\/2024\/10\/2024-10-15-LAB_soziokomunitarioa_2_-768x512.jpg 768w, https:\/\/www.lab.eus\/wp-content\/uploads\/2024\/10\/2024-10-15-LAB_soziokomunitarioa_2_-150x100.jpg 150w, https:\/\/www.lab.eus\/wp-content\/uploads\/2024\/10\/2024-10-15-LAB_soziokomunitarioa_2_-696x464.jpg 696w, https:\/\/www.lab.eus\/wp-content\/uploads\/2024\/10\/2024-10-15-LAB_soziokomunitarioa_2_-1068x712.jpg 1068w, https:\/\/www.lab.eus\/wp-content\/uploads\/2024\/10\/2024-10-15-LAB_soziokomunitarioa_2_.jpg 1280w\" sizes=\"auto, (max-width: 1024px) 100vw, 1024px\" \/><\/figure>\n<\/figure>\n\n\n\n<p>Las trabajadoras de los sectores feminizados de cuidados llevamos a\u00f1os organiz\u00e1ndonos en el sindicato LAB y generando procesos de lucha muy diversos: las trabajadoras del hogar, auxiliares de ayuda a domicilio, trabajadoras de las residencias de mayores, de intervenci\u00f3n social, de diversidad funcional&#8230; Las empresas privadas que gestionan estos servicios cuentan con el apoyo pol\u00edtico y econ\u00f3mico de la administraci\u00f3n p\u00fablica y se benefician de condiciones laborales precarias para hacer negocio. Hemos realizado peque\u00f1as y grandes luchas, moviliz\u00e1ndonos junto a las trabajadoras y con un objetivo claro: acabar con la privatizaci\u00f3n de los cuidados y conseguir que las instituciones asuman la gesti\u00f3n directa de estos servicios. Asambleas de trabajadoras, concentraciones, paros y huelgas&#8230; han sido las bases de la Acci\u00f3n Sindical que hemos llevado a cabo para conseguir este objetivo.<\/p>\n\n\n\n<p>En Gipuzkoa tambi\u00e9n hemos tenido una larga y fruct\u00edfera trayectoria en la mejora de las condiciones laborales y de vida de las trabajadoras de cuidados y servicios sociales privatizados. El curso pasado apostamos por llevar a la pr\u00e1ctica el discurso sindical y pol\u00edtico que hist\u00f3ricamente hemos venido defendiendo. En consecuencia, comprobaremos que la publificaci\u00f3n de los servicios de cuidados privatizados es posible y real, porque la voluntad pol\u00edtica de la Izquierda Independentista es poner las vidas en el centro. En cambio, la alianza entre PNV-PSE y patronal pone en el centro el negocio, de manera que esta l\u00f3gica privatizadora y mercantilista condena a miles de trabajadoras de los cuidados a la precariedad. Por eso es urgente acabar cuanto antes con este modelo.<\/p>\n\n\n\n<p>El curso pasado nos reunimos con muchos gobiernos municipales de Gipuzkoa para reflexionar sobre los diferentes servicios sociales y cuidados privatizados, para analizar, municipio a municipio, las posibilidades de poner en marcha procesos de publificaci\u00f3n. Ante las precarias condiciones laborales de las trabajadoras de ayuda a domicilio en muchos municipios, estamos dise\u00f1ando diferentes hojas de ruta y esta legislatura, vamos a seguir trabajando para hacer realidad nuestros objetivos. A pesar de que todas estas trabajadoras realizan una labor p\u00fablica, las instituciones p\u00fablicas delegan la gesti\u00f3n de los servicios en empresas privadas, obligando al personal a trabajar en el \u00e1mbito privado. Ante esto, LAB tiene propuestas concretas y luchar\u00e1 hasta conseguir la publificaci\u00f3n de estos servicios.<\/p>\n\n\n\n<p>En el a\u00f1o 2025 retomaremos la negociaci\u00f3n del convenio territorial en las residencias de mayores de Gipuzkoa. Tenemos claro que las trabajadoras de las residencias de mayores tambi\u00e9n estamos haciendo un trabajo p\u00fablico y tenemos que superar la brecha que sufrimos con las trabajadoras de la administraci\u00f3n p\u00fablica. Ser\u00e1 responsabilidad de la DFG romper estas brechas mediante el nuevo convenio y hacer una apuesta pol\u00edtica estrat\u00e9gica por los miles de trabajadoras de las residencias de mayores de Gipuzkoa. El sindicato LAB seguir\u00e1 reivindicando la necesidad de tener una gesti\u00f3n directa de los servicios, sin empresas privadas. Por tanto, solicitamos al responsable de Cuidados y Pol\u00edticas Sociales de la Diputaci\u00f3n Foral de Gipuzkoa que, a diferencia de lo que ha hecho desde 2016, tenga en cuenta en esta ocasi\u00f3n las reivindicaciones de las trabajadoras de las residencias.<\/p>\n\n\n\n<p>Esta es, por tanto, la hoja de ruta que abordaremos, a partir de ahora, para mejorar la calidad de los servicios que se ofrecen al cunjunto de la ciudadan\u00eda, junto con la mejora de las condiciones laborales de las trabajadoras y trabajadores de los servicios sociales y de cuidados, comenzando con la equiparaci\u00f3n, una ofensiva hacia la publificaci\u00f3n que acabe con la privatizaci\u00f3n y la precariedad. Con esta hoja de ruta, impulsaremos que las instituciones asuman la deuda patriarcal y cambien radicalmente el modelo de cuidados, acabando definitivamente con la brecha entre trabajadoras y trabadores p\u00fablicos y privados, para conseguir un sistema p\u00fablico fuerte y justo que ponga las vidas en el centro.<\/p>\n\n\n\n<p>Desde el sindicato LAB, interpelamos a la DFG porque urge un cambio profundo del modelo de cuidados para acabar con el negocio de las empresas privadas y destinar el dinero de Gipuzkoa a la inversi\u00f3n p\u00fablica. La DFG ya sabe que tiene toda la responsabilidad y si no impulsan cambios en sus pol\u00edticas, nos tendr\u00e1n enfrente. Por otro lado, queremos hacer un llamamiento a otros sindicatos, partidos pol\u00edticos, agentes sociales y colectivos a la colaboraci\u00f3n. Nosotras estamos dispuestas, en Gipuzkoa y en Euskal Herria, a recorrer paso a paso el camino a favor del sistema p\u00fablico comunitario de cuidados.<\/p>\n\n\n\n<p>La privatizaci\u00f3n es la miseria de los y las trabajadoras de cuidados. \u00a1Somos trabajadoras p\u00fablicas!<\/p>\n\n\n\n<p><\/p>\n","protected":false},"excerpt":{"rendered":"<p>Este curso seguiremos con la din\u00e1mica a favor de la publificaci\u00f3n. Por ello, hemos pedido a la Diputaci\u00f3n Foral de Gipuzkoa que termine con la privatizaci\u00f3n de los cuidados y servicios sociales y se comprometa y responsabilice a la gesti\u00f3n p\u00fablica directa.<\/p>\n","protected":false},"author":1191,"featured_media":74589,"comment_status":"closed","ping_status":"closed","sticky":false,"template":"","format":"video","meta":{"_monsterinsights_skip_tracking":false,"_monsterinsights_sitenote_active":false,"_monsterinsights_sitenote_note":"","_monsterinsights_sitenote_category":0,"footnotes":"","_links_to":"","_links_to_target":""},"categories":[18,2867,3000,6],"tags":[3033,3178,4915,3171,3272],"class_list":{"0":"post-74591","1":"post","2":"type-post","3":"status-publish","4":"format-video","5":"has-post-thumbnail","7":"category-es-accion-sindical","8":"category-federaciones","9":"category-servicio-sociocomunitario","10":"category-es-servicios-publicos","11":"tag-accion-sindical-es","12":"tag-destacado-1","13":"tag-hemen-erabaki-es","14":"tag-servicios-publicos-es","15":"tag-sociocomunitario-es","16":"post_format-post-format-video"},"_links":{"self":[{"href":"https:\/\/www.lab.eus\/es\/wp-json\/wp\/v2\/posts\/74591","targetHints":{"allow":["GET"]}}],"collection":[{"href":"https:\/\/www.lab.eus\/es\/wp-json\/wp\/v2\/posts"}],"about":[{"href":"https:\/\/www.lab.eus\/es\/wp-json\/wp\/v2\/types\/post"}],"author":[{"embeddable":true,"href":"https:\/\/www.lab.eus\/es\/wp-json\/wp\/v2\/users\/1191"}],"replies":[{"embeddable":true,"href":"https:\/\/www.lab.eus\/es\/wp-json\/wp\/v2\/comments?post=74591"}],"version-history":[{"count":2,"href":"https:\/\/www.lab.eus\/es\/wp-json\/wp\/v2\/posts\/74591\/revisions"}],"predecessor-version":[{"id":74593,"href":"https:\/\/www.lab.eus\/es\/wp-json\/wp\/v2\/posts\/74591\/revisions\/74593"}],"wp:featuredmedia":[{"embeddable":true,"href":"https:\/\/www.lab.eus\/es\/wp-json\/wp\/v2\/media\/74589"}],"wp:attachment":[{"href":"https:\/\/www.lab.eus\/es\/wp-json\/wp\/v2\/media?parent=74591"}],"wp:term":[{"taxonomy":"category","embeddable":true,"href":"https:\/\/www.lab.eus\/es\/wp-json\/wp\/v2\/categories?post=74591"},{"taxonomy":"post_tag","embeddable":true,"href":"https:\/\/www.lab.eus\/es\/wp-json\/wp\/v2\/tags?post=74591"}],"curies":[{"name":"wp","href":"https:\/\/api.w.org\/{rel}","templated":true}]}}