{"id":74462,"date":"2024-10-10T15:07:58","date_gmt":"2024-10-10T15:07:58","guid":{"rendered":"https:\/\/www.lab.eus\/?p=74462"},"modified":"2024-10-10T15:07:59","modified_gmt":"2024-10-10T15:07:59","slug":"intolerable-imposicion-de-la-guardia-civil-en-irunea","status":"publish","type":"post","link":"https:\/\/www.lab.eus\/es\/intolerable-imposicion-de-la-guardia-civil-en-irunea\/","title":{"rendered":"Intolerable imposici\u00f3n de la Guardia Civil en Iru\u00f1ea"},"content":{"rendered":"\n<p>La Guardia Civil ha decidido trasladar sus actos de celebraci\u00f3n del 12 de octubre en Iru\u00f1ea al pabell\u00f3n Larrabide ante la previsi\u00f3n de mal tiempo. Esta decisi\u00f3n, avalada por el Gobierno de Nafarroa, supondr\u00e1 la suspensi\u00f3n de todas las actividades y competiciones deportivas previstas en dicha infraestructura.<\/p>\n\n\n\n<p>Desde LAB, consideramos intolerable esta imposici\u00f3n que deja claras las prioridades del Gobierno. Al parecer es m\u00e1s importante un desfile de tricornios que el fomento de las actividades deportivas por parte de cientos de chavales y chavalas. El Gobierno de Nafarroa presume de fomentar el esp\u00edritu deportivo y la forma de vida saludable, pero al llegar el momento es capaz de tragarse sus palabras en beneficio de una instituci\u00f3n militar.<\/p>\n\n\n\n<p>La lluvia es igual para todos y todas. Estamos convencidas de que esta excepcionalidad no se dar\u00eda con ning\u00fan otro colectivo que no fuera este cuerpo policial. Que se queden en sus cuarteles y dejen a la ciudadan\u00eda vivir con tranquilidad y celebrar las actividades cotidianas sin estar supeditadas a rid\u00edculos desfiles y prepotencia militar.<\/p>\n","protected":false},"excerpt":{"rendered":"<p>La Guardia Civil ha decidido trasladar sus actos de celebraci\u00f3n del 12 de octubre en Iru\u00f1ea al pabell\u00f3n Larrabide ante la previsi\u00f3n de mal tiempo. Esta decisi\u00f3n, avalada por el Gobierno de Nafarroa, supondr\u00e1 la suspensi\u00f3n de todas las actividades y competiciones deportivas previstas en dicha infraestructura.<\/p>\n","protected":false},"author":1191,"featured_media":74460,"comment_status":"closed","ping_status":"closed","sticky":false,"template":"","format":"standard","meta":{"_monsterinsights_skip_tracking":false,"_monsterinsights_sitenote_active":false,"_monsterinsights_sitenote_note":"","_monsterinsights_sitenote_category":0,"footnotes":"","_links_to":"","_links_to_target":""},"categories":[3402],"tags":[4275,3445,3178,4977],"class_list":{"0":"post-74462","1":"post","2":"type-post","3":"status-publish","4":"format-standard","5":"has-post-thumbnail","7":"category-accion-politica","8":"tag-12-de-octubre","9":"tag-accion-politica","10":"tag-destacado-1","11":"tag-guardia-civil"},"_links":{"self":[{"href":"https:\/\/www.lab.eus\/es\/wp-json\/wp\/v2\/posts\/74462","targetHints":{"allow":["GET"]}}],"collection":[{"href":"https:\/\/www.lab.eus\/es\/wp-json\/wp\/v2\/posts"}],"about":[{"href":"https:\/\/www.lab.eus\/es\/wp-json\/wp\/v2\/types\/post"}],"author":[{"embeddable":true,"href":"https:\/\/www.lab.eus\/es\/wp-json\/wp\/v2\/users\/1191"}],"replies":[{"embeddable":true,"href":"https:\/\/www.lab.eus\/es\/wp-json\/wp\/v2\/comments?post=74462"}],"version-history":[{"count":1,"href":"https:\/\/www.lab.eus\/es\/wp-json\/wp\/v2\/posts\/74462\/revisions"}],"predecessor-version":[{"id":74463,"href":"https:\/\/www.lab.eus\/es\/wp-json\/wp\/v2\/posts\/74462\/revisions\/74463"}],"wp:featuredmedia":[{"embeddable":true,"href":"https:\/\/www.lab.eus\/es\/wp-json\/wp\/v2\/media\/74460"}],"wp:attachment":[{"href":"https:\/\/www.lab.eus\/es\/wp-json\/wp\/v2\/media?parent=74462"}],"wp:term":[{"taxonomy":"category","embeddable":true,"href":"https:\/\/www.lab.eus\/es\/wp-json\/wp\/v2\/categories?post=74462"},{"taxonomy":"post_tag","embeddable":true,"href":"https:\/\/www.lab.eus\/es\/wp-json\/wp\/v2\/tags?post=74462"}],"curies":[{"name":"wp","href":"https:\/\/api.w.org\/{rel}","templated":true}]}}